{"id":492,"date":"2016-12-03T14:01:15","date_gmt":"2016-12-03T13:01:15","guid":{"rendered":"http:\/\/blogs.elcomercio.es\/fonendoscopio\/?p=492"},"modified":"2016-12-03T14:01:15","modified_gmt":"2016-12-03T13:01:15","slug":"test-de-autodiagnostico-del-vih-para-reducir-el-porcentaje-de-afectados-sin-tratar","status":"publish","type":"post","link":"https:\/\/blogs.elcomercio.es\/fonendoscopio\/2016\/12\/03\/test-de-autodiagnostico-del-vih-para-reducir-el-porcentaje-de-afectados-sin-tratar\/","title":{"rendered":"Test de autodiagn\u00f3stico del VIH para reducir el porcentaje de afectados sin tratar"},"content":{"rendered":"<article>\n<div>\n<p><strong>El diagn\u00f3stico es m\u00e1s bajo en hombres.<\/strong><\/p>\n<\/div>\n<div>\n<div>\n<p>La Organizaci\u00f3n Mundial de la Salud (OMS) ha publicado nuevas directrices sobre el uso de los test de autodiagn\u00f3stico del VIH para mejorar el acceso de estos paci<a href=\"\/fonendoscopio\/wp-content\/uploads\/sites\/22\/2016\/12\/vih-test-dx.jpg\"><img loading=\"lazy\" class=\"alignleft size-full wp-image-493\" src=\"\/fonendoscopio\/wp-content\/uploads\/sites\/22\/2016\/12\/vih-test-dx.jpg\" alt=\"\" width=\"318\" height=\"159\" srcset=\"https:\/\/static-blogs.elcomercio.es\/wp-content\/uploads\/sites\/22\/2016\/12\/vih-test-dx.jpg 318w, https:\/\/static-blogs.elcomercio.es\/wp-content\/uploads\/sites\/22\/2016\/12\/vih-test-dx-300x150.jpg 300w\" sizes=\"(max-width: 318px) 100vw, 318px\" \/><\/a>entes a las terapias antirretrovirales, ya que actualmente s\u00f3lo la mitad de los afectados a nivel global est\u00e1n en tratamiento.<\/p>\n<p>Este organismo de Naciones Unidas ha recordado que la falta de diagn\u00f3stico del VIH es un obst\u00e1culo importante para conseguir que todos los pacientes sean tratados.<\/p>\n<p>&#8220;Millones de personas con VIH siguen sin poder acceder a un tratamiento que salva vidas y que tambi\u00e9n puede prevenir nuevos contagios&#8221;, ha aseverado la directora general de la OMS, Margaret Chan, que conf\u00eda en que el autodiagn\u00f3stico abra la puerta a que &#8220;muchas m\u00e1s personas conozcan su estado serol\u00f3gico y puedan acceder a un tratamiento&#8221;.<\/p>\n<p>En la actualidad s\u00f3lo 23 pa\u00edses cuentan con pol\u00edticas nacionales que apoyan el autodiagn\u00f3stico del VIH y, aunque muchos otros est\u00e1n desarrollando iniciativas a este respecto, su implantaci\u00f3n a gran escala sigue siendo muy limitada.<\/p>\n<p>Por ello, la OMS apoya la distribuci\u00f3n gratuita o a un precio asequible de &#8216;kits&#8217; de autodiagn\u00f3stico, as\u00ed como ayudar a los pa\u00edses a ampliar su distribuci\u00f3n, como ya est\u00e1 haciendo en algunos pa\u00edses de \u00c1frica meridional.<\/p>\n<p>Estos test permiten, bien mediante un peque\u00f1o pinchazo para obtener una muestra de sangre bien a trav\u00e9s de la saliva, saber si uno est\u00e1 infectado con el virus manteniendo su privacidad y de forma r\u00e1pida, en algunos casos en apenas 20 minutos. Aunque si el test da positivo, es recomendable confirmar el diagn\u00f3stico posteriormente en un centro sanitario.<\/p>\n<p>La OMS cree que su uso puede servir para llegar a m\u00e1s pacientes que actualmente no est\u00e1n diagnosticados y poder tratarlos antes de que su situaci\u00f3n empeore, algo que se hace necesario en algunos colectivos de riesgo.<\/p>\n<p>De hecho, lamentan que el diagn\u00f3stico sigue siendo m\u00e1s bajo entre los hombres, que s\u00f3lo representan el 30% de todas las personas que se han sometido a un test del VIH, lo que hace que tarden m\u00e1s en ser tratados y sean m\u00e1s propensos a fallecer por causas relacionadas con el VIH, en comparaci\u00f3n con las mujeres.<\/p>\n<p>Asimismo, tambi\u00e9n sigue habiendo un bajo diagn\u00f3stico entre los adolescentes y las mujeres de \u00c1frica oriental, que presentan \u00edndices de contagio hasta ocho veces m\u00e1s altas que los hombres, y otros colectivos de riesgo como los hombres que mantienen relaciones con otros hombres, usuarios de drogas inyectables o poblaci\u00f3n reclusa.<\/p>\n<p>De igual modo, la OMS estima que hasta el 70% de las parejas de personas con VIH son tambi\u00e9n VIH positivos pero, sin embargo, muchos de estos no se realizan la prueba. Por ello, el director del Departamento de VIH de la OMS, Gottfried Hirnschall, defiende que &#8220;al ofrecer el autodiagn\u00f3stico del VIH, podemos capacitar a las personas para que descubran su situaci\u00f3n y tambi\u00e9n animen a sus parejas a hacerse la prueba&#8221;.<\/p>\n<\/div>\n<\/div>\n<\/article>\n<!-- AddThis Advanced Settings generic via filter on the_content --><!-- AddThis Share Buttons generic via filter on the_content -->","protected":false},"excerpt":{"rendered":"<p>El diagn\u00f3stico es m\u00e1s bajo en hombres. La Organizaci\u00f3n Mundial de la Salud (OMS) ha publicado nuevas directrices sobre el uso de los test de autodiagn\u00f3stico del VIH para mejorar el acceso de estos pacientes a las terapias antirretrovirales, ya que actualmente s\u00f3lo la mitad de los afectados a nivel global est\u00e1n en tratamiento. Este [&hellip;]<!-- AddThis Advanced Settings generic via filter on get_the_excerpt --><!-- AddThis Share Buttons generic via filter on get_the_excerpt --><\/p>\n","protected":false},"author":22,"featured_media":0,"comment_status":"open","ping_status":"closed","sticky":false,"template":"","format":"standard","meta":[],"categories":[2,3],"tags":[148,195,330,459,531,571,601],"_links":{"self":[{"href":"https:\/\/blogs.elcomercio.es\/fonendoscopio\/wp-json\/wp\/v2\/posts\/492"}],"collection":[{"href":"https:\/\/blogs.elcomercio.es\/fonendoscopio\/wp-json\/wp\/v2\/posts"}],"about":[{"href":"https:\/\/blogs.elcomercio.es\/fonendoscopio\/wp-json\/wp\/v2\/types\/post"}],"author":[{"embeddable":true,"href":"https:\/\/blogs.elcomercio.es\/fonendoscopio\/wp-json\/wp\/v2\/users\/22"}],"replies":[{"embeddable":true,"href":"https:\/\/blogs.elcomercio.es\/fonendoscopio\/wp-json\/wp\/v2\/comments?post=492"}],"version-history":[{"count":0,"href":"https:\/\/blogs.elcomercio.es\/fonendoscopio\/wp-json\/wp\/v2\/posts\/492\/revisions"}],"wp:attachment":[{"href":"https:\/\/blogs.elcomercio.es\/fonendoscopio\/wp-json\/wp\/v2\/media?parent=492"}],"wp:term":[{"taxonomy":"category","embeddable":true,"href":"https:\/\/blogs.elcomercio.es\/fonendoscopio\/wp-json\/wp\/v2\/categories?post=492"},{"taxonomy":"post_tag","embeddable":true,"href":"https:\/\/blogs.elcomercio.es\/fonendoscopio\/wp-json\/wp\/v2\/tags?post=492"}],"curies":[{"name":"wp","href":"https:\/\/api.w.org\/{rel}","templated":true}]}}