{"id":509,"date":"2016-12-19T14:38:44","date_gmt":"2016-12-19T13:38:44","guid":{"rendered":"http:\/\/blogs.elcomercio.es\/fonendoscopio\/?p=509"},"modified":"2016-12-19T14:38:44","modified_gmt":"2016-12-19T13:38:44","slug":"a-vueltas-con-la-vacuna-antigripal","status":"publish","type":"post","link":"https:\/\/blogs.elcomercio.es\/fonendoscopio\/2016\/12\/19\/a-vueltas-con-la-vacuna-antigripal\/","title":{"rendered":"A vueltas con la vacuna antigripal"},"content":{"rendered":"<p>Entre<a href=\"\/fonendoscopio\/wp-content\/uploads\/sites\/22\/2016\/12\/vacunacion-antigripal.jpg\"><img loading=\"lazy\" class=\"alignleft size-full wp-image-510\" src=\"\/fonendoscopio\/wp-content\/uploads\/sites\/22\/2016\/12\/vacunacion-antigripal.jpg\" alt=\"\" width=\"268\" height=\"157\" \/><\/a> 28 pa\u00edses de la Organizaci\u00f3n para la Cooperaci\u00f3n y el Desarrollo Econ\u00f3mico (OCDE), s\u00f3lo la mitad de las personas mayores de 65 a\u00f1os han recibido vacunaci\u00f3n contra la influenza.<\/p>\n<p>Las cifras oficiales de la OCDE muestran que, en general, la tasa de vacunaci\u00f3n disminuy\u00f3 ligeramente entre 2004 y 2014. Si bien algunos pa\u00edses lograron un aumento impresionante en las tasas de vacunaci\u00f3n, otros registraron una disminuci\u00f3n preocupante. S\u00f3lo unos pocos pa\u00edses cumplieron con la recomendaci\u00f3n de la OMS de una cobertura de vacunaci\u00f3n del 75% en este grupo de edad.<\/p>\n<p>M\u00e9xico alcanz\u00f3 un aumento dram\u00e1tico en la cobertura del 51% en 2006 a m\u00e1s del 82% en 2014. La cobertura en Portugal aument\u00f3 del 39% en 2004 a casi el 51% en 2014. En Nueva Zelanda, el 69% 65 se hab\u00edan vacunado en 2014 comparado con 58 por ciento en 2004.<\/p>\n<p>Otros pa\u00edses, sin embargo, mostraron una disminuci\u00f3n considerable en las tasas de absorci\u00f3n. En Francia, la cobertura pas\u00f3 de dos tercios a menos de la mitad. En Italia, las tasas descendieron del 63,5% al \u200b\u200b55,5%, mientras que en Espa\u00f1a s\u00f3lo el 56% fueron vacunados en 2014, frente a casi el 69% en 2004.<\/p>\n<p>Seg\u00fan el Centro Europeo de Prevenci\u00f3n y Control de Enfermedades, la actividad de la influenza ha comenzado a aumentar en algunos pa\u00edses en las \u00faltimas semanas.<\/p>\n<!-- AddThis Advanced Settings generic via filter on the_content --><!-- AddThis Share Buttons generic via filter on the_content -->","protected":false},"excerpt":{"rendered":"<p>Entre 28 pa\u00edses de la Organizaci\u00f3n para la Cooperaci\u00f3n y el Desarrollo Econ\u00f3mico (OCDE), s\u00f3lo la mitad de las personas mayores de 65 a\u00f1os han recibido vacunaci\u00f3n contra la influenza. Las cifras oficiales de la OCDE muestran que, en general, la tasa de vacunaci\u00f3n disminuy\u00f3 ligeramente entre 2004 y 2014. Si bien algunos pa\u00edses lograron [&hellip;]<!-- AddThis Advanced Settings generic via filter on get_the_excerpt --><!-- AddThis Share Buttons generic via filter on get_the_excerpt --><\/p>\n","protected":false},"author":22,"featured_media":0,"comment_status":"open","ping_status":"closed","sticky":false,"template":"","format":"standard","meta":[],"categories":[2,3],"tags":[148,232,294,422,459,591],"_links":{"self":[{"href":"https:\/\/blogs.elcomercio.es\/fonendoscopio\/wp-json\/wp\/v2\/posts\/509"}],"collection":[{"href":"https:\/\/blogs.elcomercio.es\/fonendoscopio\/wp-json\/wp\/v2\/posts"}],"about":[{"href":"https:\/\/blogs.elcomercio.es\/fonendoscopio\/wp-json\/wp\/v2\/types\/post"}],"author":[{"embeddable":true,"href":"https:\/\/blogs.elcomercio.es\/fonendoscopio\/wp-json\/wp\/v2\/users\/22"}],"replies":[{"embeddable":true,"href":"https:\/\/blogs.elcomercio.es\/fonendoscopio\/wp-json\/wp\/v2\/comments?post=509"}],"version-history":[{"count":0,"href":"https:\/\/blogs.elcomercio.es\/fonendoscopio\/wp-json\/wp\/v2\/posts\/509\/revisions"}],"wp:attachment":[{"href":"https:\/\/blogs.elcomercio.es\/fonendoscopio\/wp-json\/wp\/v2\/media?parent=509"}],"wp:term":[{"taxonomy":"category","embeddable":true,"href":"https:\/\/blogs.elcomercio.es\/fonendoscopio\/wp-json\/wp\/v2\/categories?post=509"},{"taxonomy":"post_tag","embeddable":true,"href":"https:\/\/blogs.elcomercio.es\/fonendoscopio\/wp-json\/wp\/v2\/tags?post=509"}],"curies":[{"name":"wp","href":"https:\/\/api.w.org\/{rel}","templated":true}]}}