{"id":513,"date":"2017-01-03T21:35:25","date_gmt":"2017-01-03T20:35:25","guid":{"rendered":"http:\/\/blogs.elcomercio.es\/fonendoscopio\/?p=513"},"modified":"2017-01-03T21:35:25","modified_gmt":"2017-01-03T20:35:25","slug":"mejorar-la-comunicacion-entre-profesionales-y-pacientes-oncologicos-es-fundamental","status":"publish","type":"post","link":"https:\/\/blogs.elcomercio.es\/fonendoscopio\/2017\/01\/03\/mejorar-la-comunicacion-entre-profesionales-y-pacientes-oncologicos-es-fundamental\/","title":{"rendered":"Mejorar la comunicaci\u00f3n entre profesionales y pacientes oncol\u00f3gicos es fundamental"},"content":{"rendered":"<div>\n<p><strong><\/strong><a href=\"\/fonendoscopio\/wp-content\/uploads\/sites\/22\/2017\/01\/oncologia.jpg\"><img loading=\"lazy\" class=\"alignleft size-full wp-image-514\" src=\"\/fonendoscopio\/wp-content\/uploads\/sites\/22\/2017\/01\/oncologia.jpg\" alt=\"\" width=\"274\" height=\"184\" \/><\/a><\/p>\n<\/div>\n<p>El Grupo Espa\u00f1ol de Pacientes de C\u00e1ncer (GEPAC) y la Sociedad Espa\u00f1ola de Oncolog\u00eda Radioter\u00e1pica (SEOR) han firmado un convenio marco de colaboraci\u00f3n con el objetivo de mejorar la comunicaci\u00f3n entre el profesional sanitario y el paciente de c\u00e1ncer.<\/p>\n<p>Este convenio es el primero que GEPAC firma con una sociedad cient\u00edfica oncol\u00f3gica, aunque la SEOR ya ha colaborado en el desarrollo de muchas de las iniciativas que GEPAC ha puesto en marcha en los \u00faltimos a\u00f1os.<\/p>\n<p>El colectivo de pacientes de c\u00e1ncer representa &#8220;la voz m\u00e1s importante que debe ser o\u00edda en la decisi\u00f3n y planificaci\u00f3n de la asistencia oncol\u00f3gica, ya que el paciente es el receptor \u00faltimo de todos los esfuerzos terap\u00e9uticos&#8221;, ha expresado la presidenta de GEPAC, Bego\u00f1a Barrag\u00e1n.<\/p>\n<p>Por su parte, el presidente de SEOR, el Dr. Pedro Lara, ha incidido en la necesidad de ofertar un proyecto terap\u00e9utico para cada paciente, atendiendo a lo que necesita cada paciente y su entorno familiar, &#8220;no podemos seguir inmersos en la filosof\u00eda de todo para el paciente, pero sin el paciente&#8221;. A su juicio, &#8220;todas las decisiones deben ser tomadas por el equipo terap\u00e9utico, cuya figura de liderazgo ocupa el paciente&#8221;, ha se\u00f1alado.<\/p>\n<p>Ambas asociaciones tienen previsto desarrollar proyectos conjuntos de formaci\u00f3n, encaminados a mejorar la capacidad de comunicaci\u00f3n espec\u00edfica de los profesionales sanitarios a los pacientes oncol\u00f3gicos. &#8220;No es s\u00f3lo necesario una explicaci\u00f3n comprensible de las muchas veces dif\u00edciles decisiones que tiene que ser tomadas, sino tambi\u00e9n de c\u00f3mo es la actitud comunicadora del profesional. Los pacientes necesitamos que nuestros profesionales nos acompa\u00f1en durante todo el proceso terap\u00e9utico&#8221;, ha concluido Bego\u00f1a Barrag\u00e1n.<\/p>\n<!-- AddThis Advanced Settings generic via filter on the_content --><!-- AddThis Share Buttons generic via filter on the_content -->","protected":false},"excerpt":{"rendered":"<p>El Grupo Espa\u00f1ol de Pacientes de C\u00e1ncer (GEPAC) y la Sociedad Espa\u00f1ola de Oncolog\u00eda Radioter\u00e1pica (SEOR) han firmado un convenio marco de colaboraci\u00f3n con el objetivo de mejorar la comunicaci\u00f3n entre el profesional sanitario y el paciente de c\u00e1ncer. Este convenio es el primero que GEPAC firma con una sociedad cient\u00edfica oncol\u00f3gica, aunque la SEOR [&hellip;]<!-- AddThis Advanced Settings generic via filter on get_the_excerpt --><!-- AddThis Share Buttons generic via filter on get_the_excerpt --><\/p>\n","protected":false},"author":22,"featured_media":0,"comment_status":"open","ping_status":"closed","sticky":false,"template":"","format":"standard","meta":[],"categories":[2,3],"tags":[96,131,427,433,467],"_links":{"self":[{"href":"https:\/\/blogs.elcomercio.es\/fonendoscopio\/wp-json\/wp\/v2\/posts\/513"}],"collection":[{"href":"https:\/\/blogs.elcomercio.es\/fonendoscopio\/wp-json\/wp\/v2\/posts"}],"about":[{"href":"https:\/\/blogs.elcomercio.es\/fonendoscopio\/wp-json\/wp\/v2\/types\/post"}],"author":[{"embeddable":true,"href":"https:\/\/blogs.elcomercio.es\/fonendoscopio\/wp-json\/wp\/v2\/users\/22"}],"replies":[{"embeddable":true,"href":"https:\/\/blogs.elcomercio.es\/fonendoscopio\/wp-json\/wp\/v2\/comments?post=513"}],"version-history":[{"count":0,"href":"https:\/\/blogs.elcomercio.es\/fonendoscopio\/wp-json\/wp\/v2\/posts\/513\/revisions"}],"wp:attachment":[{"href":"https:\/\/blogs.elcomercio.es\/fonendoscopio\/wp-json\/wp\/v2\/media?parent=513"}],"wp:term":[{"taxonomy":"category","embeddable":true,"href":"https:\/\/blogs.elcomercio.es\/fonendoscopio\/wp-json\/wp\/v2\/categories?post=513"},{"taxonomy":"post_tag","embeddable":true,"href":"https:\/\/blogs.elcomercio.es\/fonendoscopio\/wp-json\/wp\/v2\/tags?post=513"}],"curies":[{"name":"wp","href":"https:\/\/api.w.org\/{rel}","templated":true}]}}