{"id":521,"date":"2017-01-03T21:48:23","date_gmt":"2017-01-03T20:48:23","guid":{"rendered":"http:\/\/blogs.elcomercio.es\/fonendoscopio\/?p=521"},"modified":"2017-01-03T21:48:23","modified_gmt":"2017-01-03T20:48:23","slug":"las-muertes-por-causas-cardiacas-aumentan-de-forma-subita-durante-el-periodo-navideno","status":"publish","type":"post","link":"https:\/\/blogs.elcomercio.es\/fonendoscopio\/2017\/01\/03\/las-muertes-por-causas-cardiacas-aumentan-de-forma-subita-durante-el-periodo-navideno\/","title":{"rendered":"Las muertes por causas cardiacas aumentan de forma s\u00fabita durante el per\u00edodo navide\u00f1o"},"content":{"rendered":"<div>\n<div>\n<p>De acuerdo con una nueva investigaci\u00f3n publicada en el <em>Journal of the American Heart Association<\/em>, las muertes por causas card\u00edacas aumentan de forma s\u00fabita durante la Navidad, pero es posible que el efecto no tenga nada que ver con el fr\u00edo de la \u00e9poca invernal.<\/p>\n<p>Los investigado<a href=\"\/fonendoscopio\/wp-content\/uploads\/sites\/22\/2017\/01\/muerte-por-causa-cardiaca.jpg\"><img loading=\"lazy\" class=\"alignleft size-full wp-image-522\" src=\"\/fonendoscopio\/wp-content\/uploads\/sites\/22\/2017\/01\/muerte-por-causa-cardiaca.jpg\" alt=\"\" width=\"261\" height=\"193\" \/><\/a>res analizaron las tendencias en las muertes en Nueva Zelanda, donde la Navidad se da durante el verano, cuando las tasas de mortalidad estacional suelen ser bajas. Hallaron un 4,2\u00a0% de aumento en la incidencia de muertes por causas card\u00edacas entre el 25 de diciembre y el 7 de enero. La edad media de la muerte de origen cardiaco era de 76,2\u00a0a\u00f1os durante el per\u00edodo de Navidad en comparaci\u00f3n con 77,1\u00a0a\u00f1os durante otras \u00e9pocas del a\u00f1o.<\/p>\n<p>Hay diversas teor\u00edas que pueden explicar el gran aumento de las muertes durante la \u00e9poca festiva, incluyendo la tensi\u00f3n emocional asociada con las vacaciones, los cambios en la alimentaci\u00f3n y el consumo de alcohol, la reducci\u00f3n del personal en los centros m\u00e9dicos y los cambios en el entorno f\u00edsico, pero los investigadores indican que una posibilidad puede ser que los pacientes sean reacios a pedir atenci\u00f3n m\u00e9dica durante la \u00e9poca festiva.<\/p>\n<p>El per\u00edodo de vacaciones navide\u00f1as es un momento de frecuentes viajes, en el que se suele viajar lejos del centro m\u00e9dico habitual y el autor del estudio, Josh Knight, se\u00f1al\u00f3 que esto podr\u00eda contribuir a los retrasos en la petici\u00f3n de tratamiento en situaciones de urgencia.<\/p>\n<\/div>\n<\/div>\n<!-- AddThis Advanced Settings generic via filter on the_content --><!-- AddThis Share Buttons generic via filter on the_content -->","protected":false},"excerpt":{"rendered":"<p>De acuerdo con una nueva investigaci\u00f3n publicada en el Journal of the American Heart Association, las muertes por causas card\u00edacas aumentan de forma s\u00fabita durante la Navidad, pero es posible que el efecto no tenga nada que ver con el fr\u00edo de la \u00e9poca invernal. Los investigadores analizaron las tendencias en las muertes en Nueva [&hellip;]<!-- AddThis Advanced Settings generic via filter on get_the_excerpt --><!-- AddThis Share Buttons generic via filter on get_the_excerpt --><\/p>\n","protected":false},"author":22,"featured_media":0,"comment_status":"open","ping_status":"closed","sticky":false,"template":"","format":"standard","meta":[],"categories":[2,3],"tags":[112,383],"_links":{"self":[{"href":"https:\/\/blogs.elcomercio.es\/fonendoscopio\/wp-json\/wp\/v2\/posts\/521"}],"collection":[{"href":"https:\/\/blogs.elcomercio.es\/fonendoscopio\/wp-json\/wp\/v2\/posts"}],"about":[{"href":"https:\/\/blogs.elcomercio.es\/fonendoscopio\/wp-json\/wp\/v2\/types\/post"}],"author":[{"embeddable":true,"href":"https:\/\/blogs.elcomercio.es\/fonendoscopio\/wp-json\/wp\/v2\/users\/22"}],"replies":[{"embeddable":true,"href":"https:\/\/blogs.elcomercio.es\/fonendoscopio\/wp-json\/wp\/v2\/comments?post=521"}],"version-history":[{"count":0,"href":"https:\/\/blogs.elcomercio.es\/fonendoscopio\/wp-json\/wp\/v2\/posts\/521\/revisions"}],"wp:attachment":[{"href":"https:\/\/blogs.elcomercio.es\/fonendoscopio\/wp-json\/wp\/v2\/media?parent=521"}],"wp:term":[{"taxonomy":"category","embeddable":true,"href":"https:\/\/blogs.elcomercio.es\/fonendoscopio\/wp-json\/wp\/v2\/categories?post=521"},{"taxonomy":"post_tag","embeddable":true,"href":"https:\/\/blogs.elcomercio.es\/fonendoscopio\/wp-json\/wp\/v2\/tags?post=521"}],"curies":[{"name":"wp","href":"https:\/\/api.w.org\/{rel}","templated":true}]}}