{"id":547,"date":"2017-01-22T19:05:10","date_gmt":"2017-01-22T18:05:10","guid":{"rendered":"http:\/\/blogs.elcomercio.es\/fonendoscopio\/?p=547"},"modified":"2017-01-22T19:05:10","modified_gmt":"2017-01-22T18:05:10","slug":"la-anatomia-a-la-luz-de-la-ilustracion","status":"publish","type":"post","link":"https:\/\/blogs.elcomercio.es\/fonendoscopio\/2017\/01\/22\/la-anatomia-a-la-luz-de-la-ilustracion\/","title":{"rendered":"La anatom\u00eda a la luz de la Ilustraci\u00f3n"},"content":{"rendered":"<div>\n<p>Una muestra recorre el camino que la anatom\u00eda diseccional y la art\u00edstica han realizado de forma paralela a lo largo de la historia.<\/p>\n<\/div>\n<p>Rescatar la memoria el asombro de los humanistas que llevaron a cabo la haza\u00f1a de estudiar la anatom\u00eda en el tiempo que les toc\u00f3 vivir. Ese es el objetivo con el que la Universidad Complutense de Madrid acoge la exposici\u00f3n &#8220;Arte y Carne&#8221;. Una fabulosa colecci\u00f3n de modelos anat\u00f3micos en cera que tiene sus or\u00edgenes en el Real Colegio de Cirujanos de San Carlos y que sirve de hilo conductor en una muestra que recorre el camino que la anatom\u00eda diseccional y la art\u00edstica han realizado de forma paralela a lo largo de la historia.<\/p>\n<p>\u00abLos dibujo<a href=\"\/fonendoscopio\/wp-content\/uploads\/sites\/22\/2017\/01\/diseccin-anatomica.jpg\"><img loading=\"lazy\" class=\"alignleft size-full wp-image-548\" src=\"\/fonendoscopio\/wp-content\/uploads\/sites\/22\/2017\/01\/diseccin-anatomica.jpg\" alt=\"\" width=\"264\" height=\"191\" \/><\/a>s facilitaron el aprendizaje de la anatom\u00eda a m\u00e9dicos y cirujanos, y los m\u00e9dicos anatomistas -hasta bien entrado el siglo XX- eran quienes ense\u00f1aban esta disciplina en la Escuela de Bellas Artes, y posteriormente en la Facultad\u00bb, explican desde la comisi\u00f3n cient\u00edfica de esta retrospectiva. Entre ellos se encuentran Juan Luis Arsuaga, comisario de la exposici\u00f3n, y Ferm\u00edn Viejo, director del Museo de Anatom\u00eda Javier Puerta&#8221; de la Facultad de Medicina de la UCM.<\/p>\n<p>\u00abLa colecci\u00f3n de modelos de anatom\u00eda en cera custodiada por la Universidad Complutense es un prodigio de conocimiento cient\u00edfico, de oficio y de expresividad art\u00edstica. Su valor econ\u00f3mico, hoy, es incalculable, pero a\u00fan m\u00e1s importante es su valor inmaterial, por los ideales que representa el movimiento pol\u00edtico, social y cultural al que pertenece, del que la moderna Universidad Complutense se siente heredera\u00bb, informa la instituci\u00f3n universitaria.<\/p>\n<p>En la muestra se divide en ocho salas que suponen un viaje al siglo de la luces, la Ilustraci\u00f3n. En ellas se profundiza en la relaci\u00f3n entre la ciencia y los intereses econ\u00f3micos de la \u00e9poca y en diferentes aspectos concretos como la disecci\u00f3n, el cerebro, el parto, la capacidad de emitir sonidos o de tenerse en pie, una selecci\u00f3n de objetos m\u00e9dicos y acad\u00e9micos, y, por \u00faltimo, una colecci\u00f3n de arte anat\u00f3mico que incluye grabados de gran valor hist\u00f3rico.<\/p>\n<p>La muestra estar\u00e1 abierta hasta el 31 de marzo de 2017 y es gratuita. De martes a s\u00e1bado, de 10.30 a 18.45 horas. Domingos, de 10 a 15 horas.<\/p>\n<!-- AddThis Advanced Settings generic via filter on the_content --><!-- AddThis Share Buttons generic via filter on the_content -->","protected":false},"excerpt":{"rendered":"<p>Una muestra recorre el camino que la anatom\u00eda diseccional y la art\u00edstica han realizado de forma paralela a lo largo de la historia. Rescatar la memoria el asombro de los humanistas que llevaron a cabo la haza\u00f1a de estudiar la anatom\u00eda en el tiempo que les toc\u00f3 vivir. Ese es el objetivo con el que [&hellip;]<!-- AddThis Advanced Settings generic via filter on get_the_excerpt --><!-- AddThis Share Buttons generic via filter on get_the_excerpt --><\/p>\n","protected":false},"author":22,"featured_media":0,"comment_status":"open","ping_status":"closed","sticky":false,"template":"","format":"standard","meta":[],"categories":[2],"tags":[124,257,262],"_links":{"self":[{"href":"https:\/\/blogs.elcomercio.es\/fonendoscopio\/wp-json\/wp\/v2\/posts\/547"}],"collection":[{"href":"https:\/\/blogs.elcomercio.es\/fonendoscopio\/wp-json\/wp\/v2\/posts"}],"about":[{"href":"https:\/\/blogs.elcomercio.es\/fonendoscopio\/wp-json\/wp\/v2\/types\/post"}],"author":[{"embeddable":true,"href":"https:\/\/blogs.elcomercio.es\/fonendoscopio\/wp-json\/wp\/v2\/users\/22"}],"replies":[{"embeddable":true,"href":"https:\/\/blogs.elcomercio.es\/fonendoscopio\/wp-json\/wp\/v2\/comments?post=547"}],"version-history":[{"count":0,"href":"https:\/\/blogs.elcomercio.es\/fonendoscopio\/wp-json\/wp\/v2\/posts\/547\/revisions"}],"wp:attachment":[{"href":"https:\/\/blogs.elcomercio.es\/fonendoscopio\/wp-json\/wp\/v2\/media?parent=547"}],"wp:term":[{"taxonomy":"category","embeddable":true,"href":"https:\/\/blogs.elcomercio.es\/fonendoscopio\/wp-json\/wp\/v2\/categories?post=547"},{"taxonomy":"post_tag","embeddable":true,"href":"https:\/\/blogs.elcomercio.es\/fonendoscopio\/wp-json\/wp\/v2\/tags?post=547"}],"curies":[{"name":"wp","href":"https:\/\/api.w.org\/{rel}","templated":true}]}}