{"id":560,"date":"2017-01-30T21:43:40","date_gmt":"2017-01-30T20:43:40","guid":{"rendered":"http:\/\/blogs.elcomercio.es\/fonendoscopio\/?p=560"},"modified":"2017-01-30T21:43:40","modified_gmt":"2017-01-30T20:43:40","slug":"el-50-de-los-pacientes-con-epoc-tienen-sintomas-todo-el-dia-pese-a-tenerla-controlada","status":"publish","type":"post","link":"https:\/\/blogs.elcomercio.es\/fonendoscopio\/2017\/01\/30\/el-50-de-los-pacientes-con-epoc-tienen-sintomas-todo-el-dia-pese-a-tenerla-controlada\/","title":{"rendered":"El 50% de los pacientes con EPOC tienen s\u00edntomas todo el d\u00eda pese a tenerla controlada"},"content":{"rendered":"<div>\n<p>A m\u00e1s s\u00edntomas, peor calidad de vida.<\/p>\n<\/div>\n<p>Hasta el 53% de los espa\u00f1oles con enfermedad pulmonar obstructiva cr\u00f3nica (EPOC) presenta s\u00edntomas respiratorios durante todo el d\u00eda pese a estar en tratamiento, seg\u00fan datos de un trabajo espa\u00f1ol publicado en la revista &#8220;Archivos de Bronconeumolog\u00eda&#8221;.<\/p>\n<p>Los pr<a href=\"\/fonendoscopio\/wp-content\/uploads\/sites\/22\/2017\/01\/epoc-sintomas.jpg\"><img loading=\"lazy\" class=\"alignleft size-full wp-image-561\" src=\"\/fonendoscopio\/wp-content\/uploads\/sites\/22\/2017\/01\/epoc-sintomas.jpg\" alt=\"\" width=\"303\" height=\"166\" srcset=\"https:\/\/static-blogs.elcomercio.es\/wp-content\/uploads\/sites\/22\/2017\/01\/epoc-sintomas.jpg 303w, https:\/\/static-blogs.elcomercio.es\/wp-content\/uploads\/sites\/22\/2017\/01\/epoc-sintomas-300x164.jpg 300w\" sizes=\"(max-width: 303px) 100vw, 303px\" \/><\/a>incipales s\u00edntomas de este trastorno son la tos, la expectoraci\u00f3n y la disnea y, aunque hasta hace poco se pensaba que no presentaban demasiada variabilidad diaria, en los \u00faltimos a\u00f1os se ha visto que la percepci\u00f3n en los pacientes s\u00ed es variable.<\/p>\n<p>&#8220;Los s\u00edntomas matutinos, especialmente la tos y la expectoraci\u00f3n, son los que aparecen m\u00e1s recurrentemente. Estos se encuentran asociados a una mayor frecuencia de exacerbaciones y hospitalizaciones&#8221;, ha asegurado el jefe de Servicio de Neumolog\u00eda del Hospital Arnau de Vilanova-Lliria de Valencia, Juan Jos\u00e9 Soler-Catalu\u00f1a, investigador principal de este trabajo.<\/p>\n<p>El estudio muestra que dos tercios (68%) de los pacientes sufren s\u00edntomas durante al menos dos periodos del d\u00eda (ma\u00f1ana, tarde o noche) y el 81% s\u00f3lo en un momento del d\u00eda. Y aunque los matutinos son los m\u00e1s frecuentes, hasta un 59% tambi\u00e9n tiene alg\u00fan s\u00edntoma nocturno.<\/p>\n<p>Otra de las conclusiones del estudio es que la poblaci\u00f3n europea es, en l\u00edneas generales, m\u00e1s sintom\u00e1tica que la espa\u00f1ola. As\u00ed, explica la Sociedad Espa\u00f1ola de Neumolog\u00eda y Cirug\u00eda Tor\u00e1cica (SEPAR), un 58% de los europeos tiene s\u00edntomas a lo largo de todo el d\u00eda (53% en Espa\u00f1a) y un 82% en dos o tres periodos del d\u00eda (68% en Espa\u00f1a),<\/p>\n<p>&#8220;El 84% de la poblaci\u00f3n europea present\u00f3 al menos un s\u00edntoma matutino y un 85% al menos un s\u00edntoma durante el d\u00eda, frente al 71% de los espa\u00f1oles, que presentaron al menos un s\u00edntoma por la ma\u00f1ana o durante el d\u00eda&#8221;, seg\u00fan Soler-Catalu\u00f1a.<\/p>\n<p>Adem\u00e1s, el estudio muestra que los pacientes con EPOC que refieren s\u00edntomas durante todo el d\u00eda son los que presentan peor calidad de vida relacionada con la salud, peor calidad de sue\u00f1o y niveles m\u00e1s altos de ansiedad o depresi\u00f3n.<\/p>\n<p>As\u00ed, a igual funci\u00f3n pulmonar los espa\u00f1oles son menos sintom\u00e1ticos y refieren mejor calidad de vida relacionada con la salud y una mejor calidad del sue\u00f1o, en comparaci\u00f3n con otros pa\u00edses europeos, ha admitido este experto, que cree que los resultados son &#8220;de gran valor para garantizar la continua mejora del abordaje de la EPOC en Espa\u00f1a&#8221;.<\/p>\n<p>&#8220;Resulta muy importante que los profesionales de la salud presten m\u00e1s atenci\u00f3n a la variabilidad diaria de la sintomatolog\u00eda respiratoria en la EPOC, aunque los pacientes est\u00e9n en tratamiento estable&#8221;, ha concluido.<\/p>\n<!-- AddThis Advanced Settings generic via filter on the_content --><!-- AddThis Share Buttons generic via filter on the_content -->","protected":false},"excerpt":{"rendered":"<p>A m\u00e1s s\u00edntomas, peor calidad de vida. Hasta el 53% de los espa\u00f1oles con enfermedad pulmonar obstructiva cr\u00f3nica (EPOC) presenta s\u00edntomas respiratorios durante todo el d\u00eda pese a estar en tratamiento, seg\u00fan datos de un trabajo espa\u00f1ol publicado en la revista &#8220;Archivos de Bronconeumolog\u00eda&#8221;. Los principales s\u00edntomas de este trastorno son la tos, la expectoraci\u00f3n [&hellip;]<!-- AddThis Advanced Settings generic via filter on get_the_excerpt --><!-- AddThis Share Buttons generic via filter on get_the_excerpt --><\/p>\n","protected":false},"author":22,"featured_media":0,"comment_status":"open","ping_status":"closed","sticky":false,"template":"","format":"standard","meta":[],"categories":[2,3],"tags":[150,203,564,574],"_links":{"self":[{"href":"https:\/\/blogs.elcomercio.es\/fonendoscopio\/wp-json\/wp\/v2\/posts\/560"}],"collection":[{"href":"https:\/\/blogs.elcomercio.es\/fonendoscopio\/wp-json\/wp\/v2\/posts"}],"about":[{"href":"https:\/\/blogs.elcomercio.es\/fonendoscopio\/wp-json\/wp\/v2\/types\/post"}],"author":[{"embeddable":true,"href":"https:\/\/blogs.elcomercio.es\/fonendoscopio\/wp-json\/wp\/v2\/users\/22"}],"replies":[{"embeddable":true,"href":"https:\/\/blogs.elcomercio.es\/fonendoscopio\/wp-json\/wp\/v2\/comments?post=560"}],"version-history":[{"count":0,"href":"https:\/\/blogs.elcomercio.es\/fonendoscopio\/wp-json\/wp\/v2\/posts\/560\/revisions"}],"wp:attachment":[{"href":"https:\/\/blogs.elcomercio.es\/fonendoscopio\/wp-json\/wp\/v2\/media?parent=560"}],"wp:term":[{"taxonomy":"category","embeddable":true,"href":"https:\/\/blogs.elcomercio.es\/fonendoscopio\/wp-json\/wp\/v2\/categories?post=560"},{"taxonomy":"post_tag","embeddable":true,"href":"https:\/\/blogs.elcomercio.es\/fonendoscopio\/wp-json\/wp\/v2\/tags?post=560"}],"curies":[{"name":"wp","href":"https:\/\/api.w.org\/{rel}","templated":true}]}}