{"id":567,"date":"2017-02-16T21:48:29","date_gmt":"2017-02-16T20:48:29","guid":{"rendered":"http:\/\/blogs.elcomercio.es\/fonendoscopio\/?p=567"},"modified":"2017-02-16T21:48:29","modified_gmt":"2017-02-16T20:48:29","slug":"el-uso-de-moviles-y-ordenadores-adelanta-unos-10-anos-la-aparicion-de-cataratas","status":"publish","type":"post","link":"https:\/\/blogs.elcomercio.es\/fonendoscopio\/2017\/02\/16\/el-uso-de-moviles-y-ordenadores-adelanta-unos-10-anos-la-aparicion-de-cataratas\/","title":{"rendered":"El uso de m\u00f3viles y ordenadores adelanta unos 10 a\u00f1os la aparici\u00f3n de cataratas"},"content":{"rendered":"<div>\n<p>La catarata que aparece en personas m\u00e1s j\u00f3venes es una muy espec\u00edfica llamada cortical, que se caracteriza por ver bien pero presentar molestias con la luz.<\/p>\n<\/div>\n<p>La presbicia o vista cansada aparece cada vez antes fruto de un mayor uso de ordenadores, &#8216;tablets&#8217; y tel\u00e9fonos m\u00f3viles, lo que a su vez ha adelantado tambi\u00e9n la evoluci\u00f3n de este problema, las cataratas, que se est\u00e1n empezando a ver en personas de 45-50 a\u00f1os, diez a\u00f1os antes que lo que era m\u00e1s com\u00fan hasta ahora.<\/p>\n<p>&#8220;Ahora se fuerza mucho m\u00e1s la visi\u00f3n, porque todo el mundo va con tel\u00e9fono m\u00f3vil y lee de todo a trav\u00e9s del ordenador, lo que ha adelantado este problema visual&#8221;, seg\u00fan el director m\u00e9dico del Instituto Oftalmol\u00f3gico Tres Torres (IOTT), Emilio Ju\u00e1rez.<\/p>\n<p>Este problema es la evoluci\u00f3n natural de la presbicia que afecta al cristalino y por el que el ojo empieza a tener problemas para enfocar. &#8220;Empieza a calcificarse por la parte de los polos e impide que el cristalino se pueda contraer y estirar&#8221;, ha explicado, de modo que cuando se calcifica por completo aparece la catarata, que provoca una visi\u00f3n &#8220;borrosa o empa\u00f1ada&#8221;.<\/p>\n<p>Adem\u00e1s, en las consultas han visto que la catarata que aparece en personas m\u00e1s j\u00f3venes es una muy espec\u00edfica llamada cortical, que se caracteriza por ver bien pero presentar molestias con la luz.<\/p>\n<p>&#8220;La sensaci\u00f3n de lle<a href=\"\/fonendoscopio\/wp-content\/uploads\/sites\/22\/2017\/02\/catarata-en-jovenes.jpg\"><img loading=\"lazy\" class=\"alignleft size-full wp-image-568\" src=\"\/fonendoscopio\/wp-content\/uploads\/sites\/22\/2017\/02\/catarata-en-jovenes.jpg\" alt=\"\" width=\"267\" height=\"189\" \/><\/a>var un cristal sucio es constante, la calidad visual es mala, aunque la cantidad de visi\u00f3n sea la misma. Y como la vida no es blanco o negro sino que tiene una carta de colores muy amplia, cuando la visi\u00f3n est\u00e1 distorsionada uno tiene buena agudeza visual pero de muy mala calidad&#8221;, seg\u00fan Ju\u00e1rez.<\/p>\n<p>El tratamiento consiste en el uso de cirug\u00eda l\u00e1ser para &#8220;licuar&#8221; esa lente patol\u00f3gica que no funciona bien y luego, con un inyector similar a un bol\u00edgrafo, implantar una lente que puede ser mono o multifocal, para permitir ver de lejos y de cerca.<\/p>\n<p>La intervenci\u00f3n est\u00e1 cubierta por el Sistema Nacional de Salud (SNS), aunque existe lista de espera que actualmente est\u00e1 en torno a los 60 d\u00edas de media, seg\u00fan los \u00faltimos datos publicados por el Ministerio de Sanidad.<\/p>\n<p>No obstante, en este caso se quita la catarata y s\u00f3lo cuando al paciente le queda un 30-40% de visi\u00f3n, cuando &#8220;ya es invalidante y empiezas a tener dificultades en el d\u00eda a d\u00eda, afecta a la conducci\u00f3n o a la visi\u00f3n durante el d\u00eda&#8221;, explica Ju\u00e1rez.<\/p>\n<p>De hecho, ha a\u00f1adido Ju\u00e1rez, ahora se ha visto que &#8220;cuanto peor es la visi\u00f3n y hay m\u00e1s endurecimiento en la calcificaci\u00f3n de la catarata y haya m\u00e1s riesgo durante la cirug\u00eda&#8221;. La operaci\u00f3n dura apenas unos 5-7 minutos por ojo y en 24-48 horas se recupera el 100 de visi\u00f3n.<\/p>\n<p>&#8220;Una catarata no tratada a tiempo conlleva otras patolog\u00edas asociadas como la presi\u00f3n ocular, o puede enmascarar enfermedades de la retina que no se ven porque est\u00e1 catarata&#8221;, ha explicado este experto, que tambi\u00e9n asegura que es compatible con otras cirug\u00edas e incluso puede combinarse con la correcci\u00f3n de otro problema visual en una misma intervenci\u00f3n. Adem\u00e1s, los pacientes operados de presbicia nunca desarrollar\u00e1n cataratas porque en esa cirug\u00eda se act\u00faa directamente sobre el cristalino.<\/p>\n<!-- AddThis Advanced Settings generic via filter on the_content --><!-- AddThis Share Buttons generic via filter on the_content -->","protected":false},"excerpt":{"rendered":"<p>La catarata que aparece en personas m\u00e1s j\u00f3venes es una muy espec\u00edfica llamada cortical, que se caracteriza por ver bien pero presentar molestias con la luz. La presbicia o vista cansada aparece cada vez antes fruto de un mayor uso de ordenadores, &#8216;tablets&#8217; y tel\u00e9fonos m\u00f3viles, lo que a su vez ha adelantado tambi\u00e9n la [&hellip;]<!-- AddThis Advanced Settings generic via filter on get_the_excerpt --><!-- AddThis Share Buttons generic via filter on get_the_excerpt --><\/p>\n","protected":false},"author":22,"featured_media":0,"comment_status":"open","ping_status":"closed","sticky":false,"template":"","format":"standard","meta":[],"categories":[2,3],"tags":[110,236,428],"_links":{"self":[{"href":"https:\/\/blogs.elcomercio.es\/fonendoscopio\/wp-json\/wp\/v2\/posts\/567"}],"collection":[{"href":"https:\/\/blogs.elcomercio.es\/fonendoscopio\/wp-json\/wp\/v2\/posts"}],"about":[{"href":"https:\/\/blogs.elcomercio.es\/fonendoscopio\/wp-json\/wp\/v2\/types\/post"}],"author":[{"embeddable":true,"href":"https:\/\/blogs.elcomercio.es\/fonendoscopio\/wp-json\/wp\/v2\/users\/22"}],"replies":[{"embeddable":true,"href":"https:\/\/blogs.elcomercio.es\/fonendoscopio\/wp-json\/wp\/v2\/comments?post=567"}],"version-history":[{"count":0,"href":"https:\/\/blogs.elcomercio.es\/fonendoscopio\/wp-json\/wp\/v2\/posts\/567\/revisions"}],"wp:attachment":[{"href":"https:\/\/blogs.elcomercio.es\/fonendoscopio\/wp-json\/wp\/v2\/media?parent=567"}],"wp:term":[{"taxonomy":"category","embeddable":true,"href":"https:\/\/blogs.elcomercio.es\/fonendoscopio\/wp-json\/wp\/v2\/categories?post=567"},{"taxonomy":"post_tag","embeddable":true,"href":"https:\/\/blogs.elcomercio.es\/fonendoscopio\/wp-json\/wp\/v2\/tags?post=567"}],"curies":[{"name":"wp","href":"https:\/\/api.w.org\/{rel}","templated":true}]}}