{"id":571,"date":"2017-02-16T21:56:38","date_gmt":"2017-02-16T20:56:38","guid":{"rendered":"http:\/\/blogs.elcomercio.es\/fonendoscopio\/?p=571"},"modified":"2017-02-16T21:56:38","modified_gmt":"2017-02-16T20:56:38","slug":"nuevos-cambios-en-el-tratamiento-de-la-epoc","status":"publish","type":"post","link":"https:\/\/blogs.elcomercio.es\/fonendoscopio\/2017\/02\/16\/nuevos-cambios-en-el-tratamiento-de-la-epoc\/","title":{"rendered":"Nuevos cambios en el Tratamiento de la EPOC"},"content":{"rendered":"<p>Una nueva revisi\u00f3n Cochrane ha determinado que una combinaci\u00f3n de beta-agonistas de acci\u00f3n prolongada (LABA) y antagonistas muscar\u00ednicos de acci\u00f3n prolongada (LAMA) consigue mayores mejorias en pacientes con EPOC en comparaci\u00f3n con las combinaciones de LABA y corticoides inhalados (ICS).<\/p>\n<p>La revisi\u00f3n<a href=\"\/fonendoscopio\/wp-content\/uploads\/sites\/22\/2017\/02\/epoc.jpg\"><img loading=\"lazy\" class=\"alignleft size-full wp-image-572\" src=\"\/fonendoscopio\/wp-content\/uploads\/sites\/22\/2017\/02\/epoc.jpg\" alt=\"\" width=\"225\" height=\"225\" srcset=\"https:\/\/static-blogs.elcomercio.es\/wp-content\/uploads\/sites\/22\/2017\/02\/epoc.jpg 225w, https:\/\/static-blogs.elcomercio.es\/wp-content\/uploads\/sites\/22\/2017\/02\/epoc-150x150.jpg 150w\" sizes=\"(max-width: 225px) 100vw, 225px\" \/><\/a> sistem\u00e1tica y metaan\u00e1lisis de 11 estudios con 9.839 pacientes con EPOC revel\u00f3 que el n\u00famero de personas que experimentaban exacerbaciones se redujo m\u00e1s significativamente con LAMA + LABA. La tasa de exacerbaci\u00f3n anual fue de 3.59 \/ a\u00f1o con LAMA + LABA y 4.03 \/ a\u00f1o con LABA + ICS.<\/p>\n<p>LAMA + LABA se asoci\u00f3 con mejoras significativamente mayores en el VEF1, a la vez que redujo el n\u00famero de episodios de neumon\u00eda. LAMA + LABA mejor\u00f3 en el cambio de puntuaci\u00f3n total de St. George&#8217;s Respiratory Questionnaire (SGRQ) desde la l\u00ednea de base, aunque la diferencia no fue significativa. Tambi\u00e9n se observ\u00f3 una disminuci\u00f3n no significativa de los eventos adversos graves. No se observ\u00f3 ninguna diferencia en relaci\u00f3n con la mortalidad por todas las causas.<\/p>\n<p>Las pautas GOLD anteriores han recomendado el uso de LABA + ICS como tratamiento de primera l\u00ednea para el manejo de la EPOC estable en pacientes de alto riesgo en la categor\u00eda C o D. Sin embargo, los resultados de esta revisi\u00f3n apoyan la actualizaci\u00f3n GOLD 2017 que recomienda LAMA + LABA sobre LABA + ICS en este grupo de pacientes.<\/p>\n<!-- AddThis Advanced Settings generic via filter on the_content --><!-- AddThis Share Buttons generic via filter on the_content -->","protected":false},"excerpt":{"rendered":"<p>Una nueva revisi\u00f3n Cochrane ha determinado que una combinaci\u00f3n de beta-agonistas de acci\u00f3n prolongada (LABA) y antagonistas muscar\u00ednicos de acci\u00f3n prolongada (LAMA) consigue mayores mejorias en pacientes con EPOC en comparaci\u00f3n con las combinaciones de LABA y corticoides inhalados (ICS). La revisi\u00f3n sistem\u00e1tica y metaan\u00e1lisis de 11 estudios con 9.839 pacientes con EPOC revel\u00f3 que [&hellip;]<!-- AddThis Advanced Settings generic via filter on get_the_excerpt --><!-- AddThis Share Buttons generic via filter on get_the_excerpt --><\/p>\n","protected":false},"author":22,"featured_media":0,"comment_status":"open","ping_status":"closed","sticky":false,"template":"","format":"standard","meta":[],"categories":[3],"tags":[45,84,234,415],"_links":{"self":[{"href":"https:\/\/blogs.elcomercio.es\/fonendoscopio\/wp-json\/wp\/v2\/posts\/571"}],"collection":[{"href":"https:\/\/blogs.elcomercio.es\/fonendoscopio\/wp-json\/wp\/v2\/posts"}],"about":[{"href":"https:\/\/blogs.elcomercio.es\/fonendoscopio\/wp-json\/wp\/v2\/types\/post"}],"author":[{"embeddable":true,"href":"https:\/\/blogs.elcomercio.es\/fonendoscopio\/wp-json\/wp\/v2\/users\/22"}],"replies":[{"embeddable":true,"href":"https:\/\/blogs.elcomercio.es\/fonendoscopio\/wp-json\/wp\/v2\/comments?post=571"}],"version-history":[{"count":0,"href":"https:\/\/blogs.elcomercio.es\/fonendoscopio\/wp-json\/wp\/v2\/posts\/571\/revisions"}],"wp:attachment":[{"href":"https:\/\/blogs.elcomercio.es\/fonendoscopio\/wp-json\/wp\/v2\/media?parent=571"}],"wp:term":[{"taxonomy":"category","embeddable":true,"href":"https:\/\/blogs.elcomercio.es\/fonendoscopio\/wp-json\/wp\/v2\/categories?post=571"},{"taxonomy":"post_tag","embeddable":true,"href":"https:\/\/blogs.elcomercio.es\/fonendoscopio\/wp-json\/wp\/v2\/tags?post=571"}],"curies":[{"name":"wp","href":"https:\/\/api.w.org\/{rel}","templated":true}]}}