{"id":596,"date":"2017-03-03T21:11:54","date_gmt":"2017-03-03T20:11:54","guid":{"rendered":"http:\/\/blogs.elcomercio.es\/fonendoscopio\/?p=596"},"modified":"2017-03-03T21:11:54","modified_gmt":"2017-03-03T20:11:54","slug":"biomarcador-para-detectar-el-cancer-de-pulmon-en-las-vias-nasales-de-los-fumadores","status":"publish","type":"post","link":"https:\/\/blogs.elcomercio.es\/fonendoscopio\/2017\/03\/03\/biomarcador-para-detectar-el-cancer-de-pulmon-en-las-vias-nasales-de-los-fumadores\/","title":{"rendered":"Biomarcador para detectar el c\u00e1ncer de pulm\u00f3n en las v\u00edas nasales de los fumadores"},"content":{"rendered":"<p>Una nueva prueba nasal puede permitir a los pacientes sospechosos de tener c\u00e1ncer de pulm\u00f3n someterse un simple frotis de su nariz para determinar si tienen la enfermedad. Investigadores de la Boston University School of Medicine (BUSM), en Estados Unidos, han descubierto que un biomarcador gen\u00f3mico en el conducto nasal puede determinar con precisi\u00f3n la probabilidad de que una lesi\u00f3n pulmonar sea maligna.<\/p>\n<p>Los resultados, que se publican en la edici\u00f3n digital de &#8220;Journal of the National Cancer Institute&#8221;, permitir\u00e1 a los m\u00e9dicos identificar con confianza a los pacientes que tienen una baja probabilidad de padecer c\u00e1ncer de pulm\u00f3n, lo que evitar\u00e1 la realizaci\u00f3n de procedimientos costosos y de riesgo.<\/p>\n<p>La evaluaci\u00f3n d<a href=\"\/fonendoscopio\/wp-content\/uploads\/sites\/22\/2017\/03\/cancer-de-pulmon.jpg\"><img loading=\"lazy\" class=\"alignleft size-full wp-image-597\" src=\"\/fonendoscopio\/wp-content\/uploads\/sites\/22\/2017\/03\/cancer-de-pulmon.jpg\" alt=\"\" width=\"284\" height=\"178\" \/><\/a>iagn\u00f3stica del c\u00e1ncer de pulm\u00f3n entre fumadores de alto riesgo y exfumadores con lesiones detectadas en la imagen tor\u00e1cica (tomograf\u00eda computarizada o TC) representa un reto cl\u00ednico cada vez mayor, dadas las recomendaciones cl\u00ednicas actuales para el cribado de rutina de fumadores de alto riesgo.<\/p>\n<p>Aunque existen pautas para el manejo de los n\u00f3dulos pulmonares, se realizan con frecuencia innecesarios e invasivos procedimientos de seguimiento (incluida la biopsia pulmonar quir\u00fargica) en pacientes que son diagnosticados con enfermedad benigna en \u00faltima instancia.<\/p>\n<p>&#8220;Nuestro equipo deriv\u00f3 previamente y valid\u00f3 un biomarcador de expresi\u00f3n g\u00e9nica epitelial bronquial para detectar el c\u00e1ncer de pulm\u00f3n en fumadores actuales y exfumadores. Esta innovaci\u00f3n, disponible desde 2015 como &#8216;Percepta Bronchial Genomic Classifier&#8217;, est\u00e1 mejorando de forma perceptible el diagn\u00f3stico de c\u00e1ncer de pulm\u00f3n&#8221;, subraya el autor Avrum Spira, profesor de Medicina, Patolog\u00eda y Bioinform\u00e1tica en BUSM.<\/p>\n<p>&#8220;Dado que las expresiones de los genes epiteliales bronquiales y nasales se alteran de manera similar mediante la exposici\u00f3n al humo del cigarrillo, se busc\u00f3 determinar en este estudio si la expresi\u00f3n g\u00e9nica asociada al c\u00e1ncer tambi\u00e9n podr\u00eda detectarse en el epitelio nasal m\u00e1s f\u00e1cilmente accesible&#8221;, a\u00f1ade.<\/p>\n<p>Despu\u00e9s de examinar las muestras epiteliales nasales de fumadores actuales y exfumadores que se someten a una evaluaci\u00f3n diagn\u00f3stica de lesiones pulmonares sospechosas de c\u00e1ncer de pulm\u00f3n, los cient\u00edficos determinaron que el campo epitelial de las v\u00edas respiratorias nasales de lesi\u00f3n pulmonar asociada al c\u00e1ncer de pulm\u00f3n se extiende a la nariz y tiene el potencial de ser un biomarcador no invasivo para la detecci\u00f3n del c\u00e1ncer de pulm\u00f3n.<\/p>\n<p>&#8220;Hay una clara y creciente necesidad de desarrollar enfoques diagn\u00f3sticos adicionales para evaluar las lesiones pulmonares con el fin de determinar qu\u00e9 pacientes deben someterse a la vigilancia por TC o biopsia invasiva. La capacidad de probar los cambios moleculares en este &#8216;campo de lesi\u00f3n&#8217; nos permite descartar la enfermedad antes sin procedimientos invasivos&#8221;, agrega Spira, quien tambi\u00e9n es director del Centro de C\u00e1ncer BU-BMC y neum\u00f3logo en el Boston Medical Center (BMC).<\/p>\n<p>&#8220;Nuestros hallazgos demuestran claramente la existencia de un campo en las v\u00edas a\u00e9reas de lesi\u00f3n asociada al c\u00e1ncer que tambi\u00e9n se puede medir en el epitelio nasal&#8221;, se\u00f1ala el coautor principal Marc Lenburg, profesor de Medicina en BUSM. &#8220;Encontramos que la expresi\u00f3n g\u00e9nica nasal contiene informaci\u00f3n sobre la presencia de c\u00e1ncer que es independiente de los factores de riesgo cl\u00ednicos est\u00e1ndar, lo que sugiere que la expresi\u00f3n g\u00e9nica del epitelio nasal puede ayudar en la detecci\u00f3n del c\u00e1ncer de pulm\u00f3n. Adem\u00e1s, pueden recogerse muestras nasales de forma no invasiva con poca instrumentaci\u00f3n o entrenamiento avanzado&#8221;, concluye.<\/p>\n<!-- AddThis Advanced Settings generic via filter on the_content --><!-- AddThis Share Buttons generic via filter on the_content -->","protected":false},"excerpt":{"rendered":"<p>Una nueva prueba nasal puede permitir a los pacientes sospechosos de tener c\u00e1ncer de pulm\u00f3n someterse un simple frotis de su nariz para determinar si tienen la enfermedad. Investigadores de la Boston University School of Medicine (BUSM), en Estados Unidos, han descubierto que un biomarcador gen\u00f3mico en el conducto nasal puede determinar con precisi\u00f3n la [&hellip;]<!-- AddThis Advanced Settings generic via filter on get_the_excerpt --><!-- AddThis Share Buttons generic via filter on get_the_excerpt --><\/p>\n","protected":false},"author":22,"featured_media":0,"comment_status":"open","ping_status":"closed","sticky":false,"template":"","format":"standard","meta":[],"categories":[2,3],"tags":[233,259,366,412],"_links":{"self":[{"href":"https:\/\/blogs.elcomercio.es\/fonendoscopio\/wp-json\/wp\/v2\/posts\/596"}],"collection":[{"href":"https:\/\/blogs.elcomercio.es\/fonendoscopio\/wp-json\/wp\/v2\/posts"}],"about":[{"href":"https:\/\/blogs.elcomercio.es\/fonendoscopio\/wp-json\/wp\/v2\/types\/post"}],"author":[{"embeddable":true,"href":"https:\/\/blogs.elcomercio.es\/fonendoscopio\/wp-json\/wp\/v2\/users\/22"}],"replies":[{"embeddable":true,"href":"https:\/\/blogs.elcomercio.es\/fonendoscopio\/wp-json\/wp\/v2\/comments?post=596"}],"version-history":[{"count":0,"href":"https:\/\/blogs.elcomercio.es\/fonendoscopio\/wp-json\/wp\/v2\/posts\/596\/revisions"}],"wp:attachment":[{"href":"https:\/\/blogs.elcomercio.es\/fonendoscopio\/wp-json\/wp\/v2\/media?parent=596"}],"wp:term":[{"taxonomy":"category","embeddable":true,"href":"https:\/\/blogs.elcomercio.es\/fonendoscopio\/wp-json\/wp\/v2\/categories?post=596"},{"taxonomy":"post_tag","embeddable":true,"href":"https:\/\/blogs.elcomercio.es\/fonendoscopio\/wp-json\/wp\/v2\/tags?post=596"}],"curies":[{"name":"wp","href":"https:\/\/api.w.org\/{rel}","templated":true}]}}