{"id":603,"date":"2017-03-11T20:14:00","date_gmt":"2017-03-11T19:14:00","guid":{"rendered":"http:\/\/blogs.elcomercio.es\/fonendoscopio\/?p=603"},"modified":"2017-03-11T20:14:00","modified_gmt":"2017-03-11T19:14:00","slug":"congreso-de-asturpar","status":"publish","type":"post","link":"https:\/\/blogs.elcomercio.es\/fonendoscopio\/2017\/03\/11\/congreso-de-asturpar\/","title":{"rendered":"Congreso de ASTURPAR"},"content":{"rendered":"<p>Como cada a\u00f1o por estas fechas la Sociedad asturiana de Patolog\u00eda Respiratoria ASTURPAR celebra el congreso correspondiente, este a\u00f1o es el XXII consecutivo, es en realidad una sociedad j\u00f3ven pero muy din\u00e1mica y activa, las directivas se renuevan cada cuatro a\u00f1os con el fin de dar entrada a m\u00e9dicos m\u00e1s j\u00f3venes . La especialidad de Neumolog\u00eda tiene solera y predicamento en Asturias , fueron el Instituto Nacional de Silicosis y la antigua Residencia Nuestra se\u00f1ora de Covadonga m\u00e1s tarde fusionada con el Hospital General y el propio I.N. de Silicosis la fuente donde los m\u00e9dicos residentes de la especialidad bebieron\u00a0 de sus fuentes y conocimientos. En la actualidad ademas de en el HUCA los m\u00e9dicos residentes de esta especialidad se pueden formar en el hospital de San Agustin de Avil\u00e9s.<\/p>\n<p>En el congres<a href=\"\/fonendoscopio\/wp-content\/uploads\/sites\/22\/2017\/03\/asturpar.jpg\"><img loading=\"lazy\" class=\"alignleft size-full wp-image-604\" src=\"\/fonendoscopio\/wp-content\/uploads\/sites\/22\/2017\/03\/asturpar.jpg\" alt=\"\" width=\"160\" height=\"106\" \/><\/a>o participan activamente muchos m\u00e9dicos y enfermeras desde hace a\u00f1os ya insertas en la sociedad con una actividad propia cientifica , talleres, comunicaciones, etc. al igual que otros miembros de la sociedad pueden solicitar y obtener becas y ayudas para asistencia a congresos o para el desarrollo de trabajos de investigaci\u00f3n.<\/p>\n<p>Las jornadas tuvieron lugar en las tardes del pasado Jueves y Viernes\u00a0 9 y 10 de Marzo en el auditorio Pr\u00edncipe Felipe de Oviedo. El programa result\u00f3 atractivo y enriquecedor. Durante la primera parte de la tarde del primer d\u00eda pude asistir a una de las salas donde se presentaron nada menos que 21 comunicaciones, se concentrarron bajo un ep\u00edgrafe general de patolog\u00eda respiratoria durante el sue\u00f1o. Pudimos escuchar avances en el tratamiento con CPAP y auto CPAP en el SAHOS asi como el uso de servoventiladores en apneas centrales, alguna comunicaci\u00f3n sobre tabaquismo y su metodologia para la deshabituaci\u00f3n, alguna comunicaci\u00f3n sobre EPOC y Asma.<\/p>\n<p>La mesa redonda que tuvo lugar a continuaci\u00f3n vers\u00f3 sobre Ventilaci\u00f3n no invasiva en el paciente con EPOC tanto en la fase estable como en la descompensada de agudizaci\u00f3n , los neum\u00f3logos del hospital Ramon y Cajal de Madrid\u00a0 y de San Agustin de Aviles que dictaron las conferencias fueron claros y concluyentes.<\/p>\n<p>El Viernes se dedic\u00f3 practicamente en su integridad al c\u00e1ncer de pulm\u00f3n, de forma exhaustiva a su clasificaci\u00f3n y estadiaje TNM octava edici\u00f3n\u00a0 a cargo de un conocido colega que trabaja en el Hospital de Avila de forma muy did\u00e1ctica y casi magistral nos mostr\u00f3 los cambios m\u00e1s importantes habidos con respecto a la s\u00e9ptima , la importancia del an\u00e1lisis prospectivo, el importante n\u00famero de pacientes participantes en el ensayo m\u00e1s de setenta mil de los cuales cuatro mil fueron espa\u00f1oles. Dos doctoras una de Salamanca y otra del HUCA de Oviedo hablaron del EBUS-EUS y la mediastinoscopia respectivamente como t\u00e9cnicas disgn\u00f3stica\u00a0 decisivas en la estadificaci\u00f3n del c\u00e1ncer de pulm\u00f3n<\/p>\n<p>En fin un congreso provechoso donde es habitual actualizar\u00a0 y revisar pautas diagn\u00f3ticas y terap\u00e9uticas en diversos aspectos de la patologia bronco pulmonar<\/p>\n<p>&nbsp;<\/p>\n<!-- AddThis Advanced Settings generic via filter on the_content --><!-- AddThis Share Buttons generic via filter on the_content -->","protected":false},"excerpt":{"rendered":"<p>Como cada a\u00f1o por estas fechas la Sociedad asturiana de Patolog\u00eda Respiratoria ASTURPAR celebra el congreso correspondiente, este a\u00f1o es el XXII consecutivo, es en realidad una sociedad j\u00f3ven pero muy din\u00e1mica y activa, las directivas se renuevan cada cuatro a\u00f1os con el fin de dar entrada a m\u00e9dicos m\u00e1s j\u00f3venes . La especialidad de [&hellip;]<!-- AddThis Advanced Settings generic via filter on get_the_excerpt --><!-- AddThis Share Buttons generic via filter on get_the_excerpt --><\/p>\n","protected":false},"author":22,"featured_media":0,"comment_status":"open","ping_status":"closed","sticky":false,"template":"","format":"standard","meta":[],"categories":[5],"tags":[99,139,406],"_links":{"self":[{"href":"https:\/\/blogs.elcomercio.es\/fonendoscopio\/wp-json\/wp\/v2\/posts\/603"}],"collection":[{"href":"https:\/\/blogs.elcomercio.es\/fonendoscopio\/wp-json\/wp\/v2\/posts"}],"about":[{"href":"https:\/\/blogs.elcomercio.es\/fonendoscopio\/wp-json\/wp\/v2\/types\/post"}],"author":[{"embeddable":true,"href":"https:\/\/blogs.elcomercio.es\/fonendoscopio\/wp-json\/wp\/v2\/users\/22"}],"replies":[{"embeddable":true,"href":"https:\/\/blogs.elcomercio.es\/fonendoscopio\/wp-json\/wp\/v2\/comments?post=603"}],"version-history":[{"count":0,"href":"https:\/\/blogs.elcomercio.es\/fonendoscopio\/wp-json\/wp\/v2\/posts\/603\/revisions"}],"wp:attachment":[{"href":"https:\/\/blogs.elcomercio.es\/fonendoscopio\/wp-json\/wp\/v2\/media?parent=603"}],"wp:term":[{"taxonomy":"category","embeddable":true,"href":"https:\/\/blogs.elcomercio.es\/fonendoscopio\/wp-json\/wp\/v2\/categories?post=603"},{"taxonomy":"post_tag","embeddable":true,"href":"https:\/\/blogs.elcomercio.es\/fonendoscopio\/wp-json\/wp\/v2\/tags?post=603"}],"curies":[{"name":"wp","href":"https:\/\/api.w.org\/{rel}","templated":true}]}}