{"id":608,"date":"2017-03-25T22:09:21","date_gmt":"2017-03-25T21:09:21","guid":{"rendered":"http:\/\/blogs.elcomercio.es\/fonendoscopio\/?p=608"},"modified":"2017-03-25T22:09:21","modified_gmt":"2017-03-25T21:09:21","slug":"dia-mundial-de-la-tuberculosis","status":"publish","type":"post","link":"https:\/\/blogs.elcomercio.es\/fonendoscopio\/2017\/03\/25\/dia-mundial-de-la-tuberculosis\/","title":{"rendered":"D\u00eda Mundial de la Tuberculosis"},"content":{"rendered":"<p>El conocer que todav\u00eda hoy, despu\u00e9s\u00a0 de m\u00e1s de ciento treinta y cinco a\u00f1os en que Koch descubri\u00f3 la mycobacteria (1882) causante de la enfermedad, la tuberculosis est\u00e1 a\u00fan presente y es capaz de infectar a nueve millones de individuos en el mundo y de matar a m\u00e1s de un mill\u00f3n\u00a0 y medio de personas en un a\u00f1o , nos debe hacer reflexionar , puesto que estas enfermedades al igual que la malaria o el SIDA si no exclusivas de paises pobres, es en ellos donde se dan las mayores tasas de prevalencia.<\/p>\n<p>Recuerdo en mi<a href=\"\/fonendoscopio\/wp-content\/uploads\/sites\/22\/2017\/03\/silicotuberculosis.jpg\"><img loading=\"lazy\" class=\"alignleft size-full wp-image-609\" src=\"\/fonendoscopio\/wp-content\/uploads\/sites\/22\/2017\/03\/silicotuberculosis.jpg\" alt=\"\" width=\"295\" height=\"171\" \/><\/a>s a\u00f1os de comienzo del ejercicio de la medicina all\u00e1 por los a\u00f1os 70 del siglo pasado, como esta enfermedad alcanzaba tasas muy elevadas en nuestro pais y de forma especial en poblaciones de riesgo como eran los paciente que tras haber trabajado en minas de carb\u00f3n durante a\u00f1os presentaban silicosis, No era nada infrecuente si no m\u00e1s bien lo contrario diagnosticar silicocotuberculosis entre pacientes con Fibrosis Masiva Progresiva en el contexto de neumoconiosis complicada, por los a\u00f1os setenta y cinco en el Instituto Nacional de Silicosis de Oviedo se alcanzaban tasas de casi cincuenta casos por cien mil, a\u00f1os m\u00e1s tarde en los ochenta y noventa en el Hosptala de Jove publicamos datos sobre esta enfermedad con cifras en torno a treinta por cien mil. Asistimos hoy a un descenso significativo tanto a nivel nacional como en Asturias estando en torno del\u00a0 16 x 100.000. En ello ha influido un mejor estudio de contactos en torno al caso \u00edndice con la consiguiente y adecuada profilaxis asi como el acortamiento y mayor eficacia de los tratamientos lo que ha llevado a mejores tasas de cumplimentaci\u00f3n. Baste recordar como se pas\u00f3 de los diez y ocho meses de tratamiento con la Estreptomicina PAS ( \u00e1cido paraamino salicilico ) e Hidrazidas a tratamientos de nueve meses y ultimamente de seis meses con drogas tan potentes como eficaces como la Rifampicina, la Isoniacida, la Pirazinamida y el Etambutol\u00a0 .<\/p>\n<p>En fin recordar hoy en el d\u00eda mundial de esta enfermedad que en absoluto debemos bajar la guardia, pues es la propia reinfecci\u00f3n por activaci\u00f3n de g\u00e9rmenes durmientes presentes en algunos pacientes durante a\u00f1os, los que tras mecanismos de agresi\u00f3n que\u00a0 nuestro organismo puede sufrir por cirugia, embarazo, otras infecciones, anemia etc, se activan y producen la enfermedad.<\/p>\n<p>Cuadros que parecen simples catarros que duran en el tiempo y que no acaban de curar deberian ser estudiados.<\/p>\n<p>&nbsp;<\/p>\n<p>&nbsp;<\/p>\n<!-- AddThis Advanced Settings generic via filter on the_content --><!-- AddThis Share Buttons generic via filter on the_content -->","protected":false},"excerpt":{"rendered":"<p>El conocer que todav\u00eda hoy, despu\u00e9s\u00a0 de m\u00e1s de ciento treinta y cinco a\u00f1os en que Koch descubri\u00f3 la mycobacteria (1882) causante de la enfermedad, la tuberculosis est\u00e1 a\u00fan presente y es capaz de infectar a nueve millones de individuos en el mundo y de matar a m\u00e1s de un mill\u00f3n\u00a0 y medio de personas [&hellip;]<!-- AddThis Advanced Settings generic via filter on get_the_excerpt --><!-- AddThis Share Buttons generic via filter on get_the_excerpt --><\/p>\n","protected":false},"author":22,"featured_media":0,"comment_status":"open","ping_status":"closed","sticky":false,"template":"","format":"standard","meta":[],"categories":[3],"tags":[254,404,532,564],"_links":{"self":[{"href":"https:\/\/blogs.elcomercio.es\/fonendoscopio\/wp-json\/wp\/v2\/posts\/608"}],"collection":[{"href":"https:\/\/blogs.elcomercio.es\/fonendoscopio\/wp-json\/wp\/v2\/posts"}],"about":[{"href":"https:\/\/blogs.elcomercio.es\/fonendoscopio\/wp-json\/wp\/v2\/types\/post"}],"author":[{"embeddable":true,"href":"https:\/\/blogs.elcomercio.es\/fonendoscopio\/wp-json\/wp\/v2\/users\/22"}],"replies":[{"embeddable":true,"href":"https:\/\/blogs.elcomercio.es\/fonendoscopio\/wp-json\/wp\/v2\/comments?post=608"}],"version-history":[{"count":0,"href":"https:\/\/blogs.elcomercio.es\/fonendoscopio\/wp-json\/wp\/v2\/posts\/608\/revisions"}],"wp:attachment":[{"href":"https:\/\/blogs.elcomercio.es\/fonendoscopio\/wp-json\/wp\/v2\/media?parent=608"}],"wp:term":[{"taxonomy":"category","embeddable":true,"href":"https:\/\/blogs.elcomercio.es\/fonendoscopio\/wp-json\/wp\/v2\/categories?post=608"},{"taxonomy":"post_tag","embeddable":true,"href":"https:\/\/blogs.elcomercio.es\/fonendoscopio\/wp-json\/wp\/v2\/tags?post=608"}],"curies":[{"name":"wp","href":"https:\/\/api.w.org\/{rel}","templated":true}]}}