{"id":612,"date":"2017-03-25T22:39:17","date_gmt":"2017-03-25T21:39:17","guid":{"rendered":"http:\/\/blogs.elcomercio.es\/fonendoscopio\/?p=612"},"modified":"2017-03-25T22:39:17","modified_gmt":"2017-03-25T21:39:17","slug":"la-rinitis-alergica-puede-predisponer-a-la-halitosis","status":"publish","type":"post","link":"https:\/\/blogs.elcomercio.es\/fonendoscopio\/2017\/03\/25\/la-rinitis-alergica-puede-predisponer-a-la-halitosis\/","title":{"rendered":"La rinitis al\u00e9rgica puede predisponer a la halitosis"},"content":{"rendered":"<div>\n<p>Provoca obstrucci\u00f3n nasal, que obliga a respirar m\u00e1s por la boca, resec\u00e1ndola y facilitando la liberaci\u00f3n de compuestos inmiscuidos en la saliva, confiriendo mal olor.<\/p>\n<\/div>\n<p>La rinitis al\u00e9rgica puede predisponer a la halitosis por la acci\u00f3n de bacterias en la mucosidad estancada, ha informado el director del Instituto del Aliento y responsable de la Unidad del Aliento del Centro M\u00e9dico Teknon (Barcelona), Jonas Nunes, con motivo del comienzo de la primavera.<\/p>\n<p>As\u00ed lo ha confirmado diversos estudios como, por ejemplo, una investigaci\u00f3n realizada por un equipo de otorrinolaring\u00f3logos en Turqu\u00eda en el que, tras estudiar a trav\u00e9s de un cromat\u00f3grafo de gases a 83 personas, 53 de ellas con rinitis al\u00e9rgica, observaron que los pacientes con rinitis al\u00e9rgica emit\u00edan compuestos vol\u00e1tiles de azufre en su aliento en una cantidad significativamente superior, confirmando que la relaci\u00f3n entre este trastorno y la halitosis es &#8220;m\u00e1s que una coincidencia&#8221;.<\/p>\n<p>&#8220;Actualmente, la rinosinusitis es la sexta causa m\u00e1s frecuente entre las m\u00e1s de 80 que provocan halitosis en los pacientes que acuden a los centros asociados al Instituto del Aliento en Espa\u00f1a&#8221;, ha a\u00f1adido Nunes. De la misma opini\u00f3n se ha manifestado el director del Departamento de Otorrinolaringolog\u00eda y codirector de la Unidad del Aliento en Teknon, Jordi Coromina, quien ha se\u00f1alado que existen ciertas bacterias que usan la mucosidad nasal como sustrato proteico, liberando mal olor, sobre todo en ambiente de anaerobiosis, creando as\u00ed un escenario a\u00fan m\u00e1s favorable para estas bacterias.<\/p>\n<p>&#8220;Con frecuencia, la rinitis al\u00e9rgica provoca obstrucci\u00f3n nasal, lo que hace que la persona que padece este problema respire m\u00e1s por la boca, resec\u00e1ndola y facilitando la liberaci\u00f3n de compuestos inmiscuidos en la saliva que se vuelven vol\u00e1tiles, confiriendo mal olor&#8221;, ha argumentado el experto.<\/p>\n<p>Dicho esto, los expertos han informado de que el abordaje de la rinitis al\u00e9rgica abarca tres categor\u00edas fundamentales: medidas de control ambiental y prevenci\u00f3n de al\u00e9rgenos, manejo farmacol\u00f3gico e inmunoterapia.<\/p>\n<p>En el primer caso, han recomendado reducir, en la medida de lo posible, la exposici\u00f3n al polen durante esta estaci\u00f3n del a\u00f1o. &#8220;Para los \u00e1caros del polvo, cubrir el colch<a href=\"\/fonendoscopio\/wp-content\/uploads\/sites\/22\/2017\/03\/rinitis.jpg\"><img loading=\"lazy\" class=\"alignleft size-full wp-image-613\" src=\"\/fonendoscopio\/wp-content\/uploads\/sites\/22\/2017\/03\/rinitis.jpg\" alt=\"\" width=\"285\" height=\"177\" \/><\/a>\u00f3n y la almohada con cubiertas impermeables ayuda a reducir la exposici\u00f3n, adem\u00e1s de cambiar y lavar la ropa de cama en agua caliente cada dos semanas. Los lavados nasales con soluci\u00f3n salina o suero fisiol\u00f3gico pueden ser tambi\u00e9n muy beneficiosos&#8221;, han se\u00f1alado.<\/p>\n<p>Respecto a la toma de medicamentos por v\u00eda oral o aplicaci\u00f3n t\u00f3pica, como por ejemplo antihistam\u00ednicos o corticoides, los especialistas han recordado que tiene que estar supervisada siempre por un profesional de la salud, que los recetar\u00e1 en funci\u00f3n del tipo, la gravedad de los s\u00edntomas, la edad y la existencia de otras afecciones de salud, entre otros.<\/p>\n<p>Finalmente, han informado de que la inmunoterapia es un proceso a largo plazo, ya que la mejora no es evidente hasta pasado unos 6-12 meses. No obstante, la inmunoterapia no est\u00e1 exenta de riesgos, ya que en ocasiones puede provocar reacciones al\u00e9rgicas. Por tanto, a la hora de tener en cuenta esta opci\u00f3n es necesario considerar los riesgos y beneficios de la inmunoterapia frente a las otras opciones de tratamiento.<\/p>\n<!-- AddThis Advanced Settings generic via filter on the_content --><!-- AddThis Share Buttons generic via filter on the_content -->","protected":false},"excerpt":{"rendered":"<p>Provoca obstrucci\u00f3n nasal, que obliga a respirar m\u00e1s por la boca, resec\u00e1ndola y facilitando la liberaci\u00f3n de compuestos inmiscuidos en la saliva, confiriendo mal olor. La rinitis al\u00e9rgica puede predisponer a la halitosis por la acci\u00f3n de bacterias en la mucosidad estancada, ha informado el director del Instituto del Aliento y responsable de la Unidad [&hellip;]<!-- AddThis Advanced Settings generic via filter on get_the_excerpt --><!-- AddThis Share Buttons generic via filter on get_the_excerpt --><\/p>\n","protected":false},"author":22,"featured_media":0,"comment_status":"open","ping_status":"closed","sticky":false,"template":"","format":"standard","meta":[],"categories":[3],"tags":[393,420,508],"_links":{"self":[{"href":"https:\/\/blogs.elcomercio.es\/fonendoscopio\/wp-json\/wp\/v2\/posts\/612"}],"collection":[{"href":"https:\/\/blogs.elcomercio.es\/fonendoscopio\/wp-json\/wp\/v2\/posts"}],"about":[{"href":"https:\/\/blogs.elcomercio.es\/fonendoscopio\/wp-json\/wp\/v2\/types\/post"}],"author":[{"embeddable":true,"href":"https:\/\/blogs.elcomercio.es\/fonendoscopio\/wp-json\/wp\/v2\/users\/22"}],"replies":[{"embeddable":true,"href":"https:\/\/blogs.elcomercio.es\/fonendoscopio\/wp-json\/wp\/v2\/comments?post=612"}],"version-history":[{"count":0,"href":"https:\/\/blogs.elcomercio.es\/fonendoscopio\/wp-json\/wp\/v2\/posts\/612\/revisions"}],"wp:attachment":[{"href":"https:\/\/blogs.elcomercio.es\/fonendoscopio\/wp-json\/wp\/v2\/media?parent=612"}],"wp:term":[{"taxonomy":"category","embeddable":true,"href":"https:\/\/blogs.elcomercio.es\/fonendoscopio\/wp-json\/wp\/v2\/categories?post=612"},{"taxonomy":"post_tag","embeddable":true,"href":"https:\/\/blogs.elcomercio.es\/fonendoscopio\/wp-json\/wp\/v2\/tags?post=612"}],"curies":[{"name":"wp","href":"https:\/\/api.w.org\/{rel}","templated":true}]}}