{"id":629,"date":"2017-04-08T09:21:26","date_gmt":"2017-04-08T07:21:26","guid":{"rendered":"http:\/\/blogs.elcomercio.es\/fonendoscopio\/?p=629"},"modified":"2017-04-08T09:21:26","modified_gmt":"2017-04-08T07:21:26","slug":"la-salud-importa","status":"publish","type":"post","link":"https:\/\/blogs.elcomercio.es\/fonendoscopio\/2017\/04\/08\/la-salud-importa\/","title":{"rendered":"La salud importa"},"content":{"rendered":"<p><strong>Un peque\u00f1o comentario en el d\u00eda mundial de la Salud 7 de Abril<\/strong><\/p>\n<p>Que la salud preocupa a la poblaci\u00f3n en general y si cabe m\u00e1s a las personas mayores en particular es irrefutable. La OMS entiende la salud a partir de dimensiones diferentes, desde luego la integridad y bienestar f\u00edsico y ps\u00edquico, pero tambien su relacion con el <a href=\"\/fonendoscopio\/wp-content\/uploads\/sites\/22\/2017\/04\/dia-mundial-1-de-la-salud.jpg\"><img loading=\"lazy\" class=\"alignright size-full wp-image-630\" title=\"dia mundial 1 de la salud\" src=\"\/fonendoscopio\/wp-content\/uploads\/sites\/22\/2017\/04\/dia-mundial-1-de-la-salud.jpg\" alt=\"\" width=\"300\" height=\"168\" \/><\/a>trabajo, vivienda, pobreza, el grado de funcionalidad que posibilita el movimiento, ejercicio, acci\u00f3n en general. En pues una cuesti\u00f3n holistica que afecta al ser humano<\/p>\n<p>En resumen la salud ocupa una parte muy importante en la estratificaci\u00f3n social y forma parte como materis de estudio en disciplinas tan diferentes como la medicina, la econom\u00eda, la sociolog\u00eda, la pol\u00edtica la \u00e9tica etc. Su ejercecio involucra a muchos y diversos profesionales pero su gesti\u00f3n debe sobrepasar a todos ellos, pues la propia gesti\u00f3n ejercida por uno mismo es la m\u00e1s importante.<\/p>\n<p>&nbsp;<\/p>\n<!-- AddThis Advanced Settings generic via filter on the_content --><!-- AddThis Share Buttons generic via filter on the_content -->","protected":false},"excerpt":{"rendered":"<p>Un peque\u00f1o comentario en el d\u00eda mundial de la Salud 7 de Abril Que la salud preocupa a la poblaci\u00f3n en general y si cabe m\u00e1s a las personas mayores en particular es irrefutable. La OMS entiende la salud a partir de dimensiones diferentes, desde luego la integridad y bienestar f\u00edsico y ps\u00edquico, pero tambien [&hellip;]<!-- AddThis Advanced Settings generic via filter on get_the_excerpt --><!-- AddThis Share Buttons generic via filter on get_the_excerpt --><\/p>\n","protected":false},"author":22,"featured_media":0,"comment_status":"open","ping_status":"closed","sticky":false,"template":"","format":"standard","meta":[],"categories":[3],"tags":[615,517],"_links":{"self":[{"href":"https:\/\/blogs.elcomercio.es\/fonendoscopio\/wp-json\/wp\/v2\/posts\/629"}],"collection":[{"href":"https:\/\/blogs.elcomercio.es\/fonendoscopio\/wp-json\/wp\/v2\/posts"}],"about":[{"href":"https:\/\/blogs.elcomercio.es\/fonendoscopio\/wp-json\/wp\/v2\/types\/post"}],"author":[{"embeddable":true,"href":"https:\/\/blogs.elcomercio.es\/fonendoscopio\/wp-json\/wp\/v2\/users\/22"}],"replies":[{"embeddable":true,"href":"https:\/\/blogs.elcomercio.es\/fonendoscopio\/wp-json\/wp\/v2\/comments?post=629"}],"version-history":[{"count":0,"href":"https:\/\/blogs.elcomercio.es\/fonendoscopio\/wp-json\/wp\/v2\/posts\/629\/revisions"}],"wp:attachment":[{"href":"https:\/\/blogs.elcomercio.es\/fonendoscopio\/wp-json\/wp\/v2\/media?parent=629"}],"wp:term":[{"taxonomy":"category","embeddable":true,"href":"https:\/\/blogs.elcomercio.es\/fonendoscopio\/wp-json\/wp\/v2\/categories?post=629"},{"taxonomy":"post_tag","embeddable":true,"href":"https:\/\/blogs.elcomercio.es\/fonendoscopio\/wp-json\/wp\/v2\/tags?post=629"}],"curies":[{"name":"wp","href":"https:\/\/api.w.org\/{rel}","templated":true}]}}