{"id":644,"date":"2017-04-19T20:34:32","date_gmt":"2017-04-19T18:34:32","guid":{"rendered":"http:\/\/blogs.elcomercio.es\/fonendoscopio\/?p=644"},"modified":"2017-04-19T20:34:32","modified_gmt":"2017-04-19T18:34:32","slug":"la-contaminacion-del-aire-aumenta-las-muertes-vinculadas-al-consumo-de-tabaco","status":"publish","type":"post","link":"https:\/\/blogs.elcomercio.es\/fonendoscopio\/2017\/04\/19\/la-contaminacion-del-aire-aumenta-las-muertes-vinculadas-al-consumo-de-tabaco\/","title":{"rendered":"La contaminaci\u00f3n del aire aumenta las muertes vinculadas al consumo de tabaco"},"content":{"rendered":"<div>\n<p>La combinaci\u00f3n de la exposici\u00f3n a part\u00edculas PM 2,5 y el tabaquismo potencia la mortalidad por enfermedad cardiovascular.<\/p>\n<\/div>\n<p>Un estudio con participaci\u00f3n del Instituto de Salud Global de Barcelona (ISGlobal) ha constatado que las personas fumadoras tienen un mayor riesgo de morir por enfermedad cardiovascular cuando se exponen a altos niveles de contaminaci\u00f3n atmosf\u00e9rica.<\/p>\n<p>El trabajo, publicado <a href=\"\/fonendoscopio\/wp-content\/uploads\/sites\/22\/2017\/04\/contaminacion-y-tabaco.jpg\"><img loading=\"lazy\" class=\"alignleft size-full wp-image-645\" title=\"contaminacion y tabaco\" src=\"\/fonendoscopio\/wp-content\/uploads\/sites\/22\/2017\/04\/contaminacion-y-tabaco.jpg\" alt=\"\" width=\"275\" height=\"183\" \/><\/a>en la revista &#8220;Environmental Research&#8221;, apunta que investigaciones previas ya hab\u00edan hallado una &#8220;interacci\u00f3n aditiva&#8221; entre part\u00edculas PM 2,5, fumar cigarrillos y el c\u00e1ncer de pulm\u00f3n, y ahora los investigadores tambi\u00e9n han analizado si la combinaci\u00f3n de estas exposiciones potencia la mortalidad por enfermedad cardiovascular.<\/p>\n<p>La investigaci\u00f3n se ha realizado con datos de cerca de medio mill\u00f3n de personas fumadoras y no fumadoras estadounidenses de m\u00e1s de 30 a\u00f1os que forman parte del estudio II de la Sociedad Americana de Prevenci\u00f3n contra el C\u00e1ncer.<\/p>\n<p>Seg\u00fan el estudio, por cada 100.000 personas, 318 muertes por enfermedad cardiovascular y diabetes son atribuibles a fumar cigarrillos y 36 por la exposici\u00f3n a niveles altos de part\u00edculas PM 2,5, y la combinaci\u00f3n de ambas provoca 32 muertes adicionales por enfermedad cardiovascular y diabetes.<\/p>\n<p>La investigadora de ISGlobal y primera autora del estudio, Michelle C. Turner, ha sostenido que, con niveles de PM 2,5 observados en este estudio, &#8220;la reducci\u00f3n del tabaquismo tendr\u00e1 un mayor impacto en la disminuci\u00f3n de la mortalidad que la reducci\u00f3n de la exposici\u00f3n a la contaminaci\u00f3n atmosf\u00e9rica&#8221;.<\/p>\n<p>Sin embargo, estar expuesto a menos part\u00edculas finas tambi\u00e9n contribuir\u00e1 a prevenir una proporci\u00f3n de la mortalidad atribuida a fumar cigarrillos.<\/p>\n<!-- AddThis Advanced Settings generic via filter on the_content --><!-- AddThis Share Buttons generic via filter on the_content -->","protected":false},"excerpt":{"rendered":"<p>La combinaci\u00f3n de la exposici\u00f3n a part\u00edculas PM 2,5 y el tabaquismo potencia la mortalidad por enfermedad cardiovascular. Un estudio con participaci\u00f3n del Instituto de Salud Global de Barcelona (ISGlobal) ha constatado que las personas fumadoras tienen un mayor riesgo de morir por enfermedad cardiovascular cuando se exponen a altos niveles de contaminaci\u00f3n atmosf\u00e9rica. El [&hellip;]<!-- AddThis Advanced Settings generic via filter on get_the_excerpt --><!-- AddThis Share Buttons generic via filter on get_the_excerpt --><\/p>\n","protected":false},"author":22,"featured_media":0,"comment_status":"open","ping_status":"closed","sticky":false,"template":"","format":"standard","meta":[],"categories":[2],"tags":[614,616,550],"_links":{"self":[{"href":"https:\/\/blogs.elcomercio.es\/fonendoscopio\/wp-json\/wp\/v2\/posts\/644"}],"collection":[{"href":"https:\/\/blogs.elcomercio.es\/fonendoscopio\/wp-json\/wp\/v2\/posts"}],"about":[{"href":"https:\/\/blogs.elcomercio.es\/fonendoscopio\/wp-json\/wp\/v2\/types\/post"}],"author":[{"embeddable":true,"href":"https:\/\/blogs.elcomercio.es\/fonendoscopio\/wp-json\/wp\/v2\/users\/22"}],"replies":[{"embeddable":true,"href":"https:\/\/blogs.elcomercio.es\/fonendoscopio\/wp-json\/wp\/v2\/comments?post=644"}],"version-history":[{"count":0,"href":"https:\/\/blogs.elcomercio.es\/fonendoscopio\/wp-json\/wp\/v2\/posts\/644\/revisions"}],"wp:attachment":[{"href":"https:\/\/blogs.elcomercio.es\/fonendoscopio\/wp-json\/wp\/v2\/media?parent=644"}],"wp:term":[{"taxonomy":"category","embeddable":true,"href":"https:\/\/blogs.elcomercio.es\/fonendoscopio\/wp-json\/wp\/v2\/categories?post=644"},{"taxonomy":"post_tag","embeddable":true,"href":"https:\/\/blogs.elcomercio.es\/fonendoscopio\/wp-json\/wp\/v2\/tags?post=644"}],"curies":[{"name":"wp","href":"https:\/\/api.w.org\/{rel}","templated":true}]}}