{"id":648,"date":"2017-04-19T21:03:48","date_gmt":"2017-04-19T19:03:48","guid":{"rendered":"http:\/\/blogs.elcomercio.es\/fonendoscopio\/?p=648"},"modified":"2017-04-19T21:03:48","modified_gmt":"2017-04-19T19:03:48","slug":"dejar-de-fumar-reduce-un-80-las-bajas-laborales","status":"publish","type":"post","link":"https:\/\/blogs.elcomercio.es\/fonendoscopio\/2017\/04\/19\/dejar-de-fumar-reduce-un-80-las-bajas-laborales\/","title":{"rendered":"Dejar de fumar reduce un 80% las bajas laborales"},"content":{"rendered":"<p><strong><\/strong><a href=\"\/fonendoscopio\/wp-content\/uploads\/sites\/22\/2017\/04\/tabaco.jpg\"><img loading=\"lazy\" class=\"alignleft size-full wp-image-649\" title=\"tabaco\" src=\"\/fonendoscopio\/wp-content\/uploads\/sites\/22\/2017\/04\/tabaco.jpg\" alt=\"\" width=\"322\" height=\"156\" srcset=\"https:\/\/static-blogs.elcomercio.es\/wp-content\/uploads\/sites\/22\/2017\/04\/tabaco.jpg 322w, https:\/\/static-blogs.elcomercio.es\/wp-content\/uploads\/sites\/22\/2017\/04\/tabaco-300x145.jpg 300w\" sizes=\"(max-width: 322px) 100vw, 322px\" \/><\/a><strong>El tabaco est\u00e1 relacionado con enfermedades respiratorias a corto plazo, adem\u00e1s de c\u00e1ncer e infartos a largo plazo.<\/strong><\/p>\n<p>Un estudio pionero en el Estado ha constatado que dejar de fumar puede reducir un 80% el n\u00famero de bajas laborales, ha informado la Societat Catalana de Medicina Familiar i Comunit\u00e0ria (Camfic).<\/p>\n<p>El trabajo, elaborado entre 2009 y 2015, se ha impulsado en el equipo de atenci\u00f3n primaria (EAP) Florida Nord de L&#8217;Hospitalet de Llobregat (Barcelona) sobre 450 pacientes fumadores, exfumadores &#8211;hab\u00edan dejado de el tabaco tres a\u00f1os atr\u00e1s&#8211; y no fumadores.<\/p>\n<p>La media de incapacidades temporales por paciente fue un 80% superior en los pacientes que fumaban respecto a los que hab\u00edan dejado el tabaco; el 64% de los exfumadores nunca cogi\u00f3 una baja, y de los fumadores este porcentaje descendi\u00f3 hasta el 53%.<\/p>\n<p>El m\u00e9dico e investigador principal del estudio, Josep Llu\u00eds Ballv\u00e9, ha explicado que el tabaco est\u00e1 relacionado con enfermedades respiratorias a corto plazo, como resfriados comunes, gripe, neumon\u00edas o bronquitis, adem\u00e1s de c\u00e1ncer e infartos a largo plazo.<\/p>\n<p>En base a los resultados del estudio, ha defendido replantearse la financiaci\u00f3n del tratamiento antitabaco, puesto que disminuir el n\u00famero de bajas mejorar\u00eda la productividad y el coste para la seguridad social.<\/p>\n<p>Si se confirman los datos con estudios posteriores, habr\u00eda &#8220;un argumento econ\u00f3mico m\u00e1s, basado no solo en el coste sanitario sino en el coste laboral&#8221;, para que las empresas y administraciones p\u00fablicas financiaran f\u00e1rmacos para dejar de fumar.<\/p>\n<p>Seg\u00fan la Encuesta de Salud de Catalu\u00f1a (ESCA), en 2014 fumaba a diario el 23,5% de la poblaci\u00f3n de 15 a\u00f1os y m\u00e1s, un 2,4% era fumador ocasional, un 20,4% era exfumador, y un 53,9% declaraba que nunca hab\u00eda fumado.<\/p>\n<!-- AddThis Advanced Settings generic via filter on the_content --><!-- AddThis Share Buttons generic via filter on the_content -->","protected":false},"excerpt":{"rendered":"<p>El tabaco est\u00e1 relacionado con enfermedades respiratorias a corto plazo, adem\u00e1s de c\u00e1ncer e infartos a largo plazo. Un estudio pionero en el Estado ha constatado que dejar de fumar puede reducir un 80% el n\u00famero de bajas laborales, ha informado la Societat Catalana de Medicina Familiar i Comunit\u00e0ria (Camfic). El trabajo, elaborado entre 2009 [&hellip;]<!-- AddThis Advanced Settings generic via filter on get_the_excerpt --><!-- AddThis Share Buttons generic via filter on get_the_excerpt --><\/p>\n","protected":false},"author":22,"featured_media":0,"comment_status":"open","ping_status":"closed","sticky":false,"template":"","format":"standard","meta":[],"categories":[2,3],"tags":[612,617,550],"_links":{"self":[{"href":"https:\/\/blogs.elcomercio.es\/fonendoscopio\/wp-json\/wp\/v2\/posts\/648"}],"collection":[{"href":"https:\/\/blogs.elcomercio.es\/fonendoscopio\/wp-json\/wp\/v2\/posts"}],"about":[{"href":"https:\/\/blogs.elcomercio.es\/fonendoscopio\/wp-json\/wp\/v2\/types\/post"}],"author":[{"embeddable":true,"href":"https:\/\/blogs.elcomercio.es\/fonendoscopio\/wp-json\/wp\/v2\/users\/22"}],"replies":[{"embeddable":true,"href":"https:\/\/blogs.elcomercio.es\/fonendoscopio\/wp-json\/wp\/v2\/comments?post=648"}],"version-history":[{"count":0,"href":"https:\/\/blogs.elcomercio.es\/fonendoscopio\/wp-json\/wp\/v2\/posts\/648\/revisions"}],"wp:attachment":[{"href":"https:\/\/blogs.elcomercio.es\/fonendoscopio\/wp-json\/wp\/v2\/media?parent=648"}],"wp:term":[{"taxonomy":"category","embeddable":true,"href":"https:\/\/blogs.elcomercio.es\/fonendoscopio\/wp-json\/wp\/v2\/categories?post=648"},{"taxonomy":"post_tag","embeddable":true,"href":"https:\/\/blogs.elcomercio.es\/fonendoscopio\/wp-json\/wp\/v2\/tags?post=648"}],"curies":[{"name":"wp","href":"https:\/\/api.w.org\/{rel}","templated":true}]}}