{"id":652,"date":"2017-04-28T18:36:21","date_gmt":"2017-04-28T16:36:21","guid":{"rendered":"http:\/\/blogs.elcomercio.es\/fonendoscopio\/?p=652"},"modified":"2017-04-28T18:36:21","modified_gmt":"2017-04-28T16:36:21","slug":"helicobacter-pylori-podria-ser-responsable-de-la-aparicion-de-la-halitosis-estomacal","status":"publish","type":"post","link":"https:\/\/blogs.elcomercio.es\/fonendoscopio\/2017\/04\/28\/helicobacter-pylori-podria-ser-responsable-de-la-aparicion-de-la-halitosis-estomacal\/","title":{"rendered":"&#039;Helicobacter pylori&#039; podr\u00eda ser responsable de la aparici\u00f3n de la halitosis estomacal"},"content":{"rendered":"<div>\n<p><strong>La erradicaci\u00f3n de esta bacteria disminuye la cantidad de saburra lingual, una de las fisiopatolog\u00edas causantes de mal aliento.<\/strong><\/p>\n<\/div>\n<p>El especialista en Gastroenterolog\u00eda y fundador del Centro M\u00e9dico-Quir\u00fargico de Enfermedades Digestivas (CMED), Guerra Flecha, ha se\u00f1alado a la bacteria &#8216;Helicobacter pylori&#8217; como responsable de la aparici\u00f3n de la halitosis estomacal.<\/p>\n<p>&#8220;El 48% de la poblaci\u00f3n en Madrid est\u00e1 infectada por el &#8216;H. pylori&#8217;, el problema es que mucha gente no manifiesta s\u00edntomas asociados. El &#8216;H. pylori&#8217; se contagia en una primera fase y se mantiene en la placa dental o dorso de la lengua durante los seis primeros meses. Cuando ya est\u00e1 en el est\u00f3mago, el contagio no es tan f\u00e1cil&#8221;, ha comentado.<\/p>\n<p>De hecho, numerosos ensayos ya han de<a href=\"\/fonendoscopio\/wp-content\/uploads\/sites\/22\/2017\/04\/helicobacter-y-halitosis.jpg\"><img loading=\"lazy\" class=\"alignleft size-full wp-image-653\" title=\"helicobacter y halitosis\" src=\"\/fonendoscopio\/wp-content\/uploads\/sites\/22\/2017\/04\/helicobacter-y-halitosis.jpg\" alt=\"\" width=\"353\" height=\"143\" srcset=\"https:\/\/static-blogs.elcomercio.es\/wp-content\/uploads\/sites\/22\/2017\/04\/helicobacter-y-halitosis.jpg 353w, https:\/\/static-blogs.elcomercio.es\/wp-content\/uploads\/sites\/22\/2017\/04\/helicobacter-y-halitosis-300x122.jpg 300w\" sizes=\"(max-width: 353px) 100vw, 353px\" \/><\/a>mostrado la relaci\u00f3n entre la infecci\u00f3n del &#8216;H. pylori&#8217; y la aparici\u00f3n de halitosis e, incluso, se han prescrito en la cl\u00ednica algunos esquemas para la erradicaci\u00f3n de esta bacteria en pacientes con mal aliento.<\/p>\n<p>Asimismo, un estudio publicado en Polonia en marzo de 2011 mostr\u00f3 c\u00f3mo sustancias end\u00f3genas como isobutano, butanona o etaonato de etilo fueron detectadas en el aliento de personas con &#8216;H. pylori&#8217; en el est\u00f3mago y en la mezcla gaseosa liberada por la cepa de bacterias. Por tanto, los niveles exhalados de ureasa, nitrato de hidr\u00f3geno y cianuro de hidr\u00f3geno fueron significativamente elevados en pacientes infectados por esta bacteria.<\/p>\n<p>&#8220;Se ha demostrado que algunas cepas de la bacteria &#8216;H. pylori&#8217; son capaces de producir compuestos sulfurados vol\u00e1tiles que pueden ser detectados en el aire expirado. La erradicaci\u00f3n de esta bacteria disminuye la cantidad de saburra lingual, otra de las fisiopatolog\u00edas causantes de mal aliento&#8221;, ha recalcado el experto.<\/p>\n<p>Concretamente, el &#8216;H. pylori&#8217; &#8220;coloniza&#8221; el est\u00f3mago de las personas y se encuentra muy asociado al reflujo laringofar\u00edngeo o RLF. En este sentido, ser\u00eda l\u00f3gico preguntarse si el reflujo laringofar\u00edngeo est\u00e1 relacionado con la halitosis. Ahora bien, el experto ha avisado de que a\u00fan no est\u00e1 claro que el RLF sea un factor de riesgo para la aparici\u00f3n de causas digestivas de mal aliento.<\/p>\n<p>En este sentido, investigadores turcos realizaron un estudio en junio de 2016 con el objetivo de comprobar si aquellos pacientes diagnosticados con reflujo laringofar\u00edngeo incrementaban la posibilidad de tener halitosis en comparaci\u00f3n con la poblaci\u00f3n normal.<\/p>\n<p>Durante el trabajo se encontr\u00f3 una &#8220;fuerte&#8221; asociaci\u00f3n positiva entre el RLF y los niveles de compuesto de azufre vol\u00e1tiles, lo que significa que la halitosis fue significativamente asociada con la concurrencia y la severidad del RLF. Una investigaci\u00f3n que, a juicio del experto, proporciona, por tanto, una &#8220;clara&#8221; evidencia de la asociaci\u00f3n entre la halitosis y el reflujo laringofar\u00edngeo.<\/p>\n<!-- AddThis Advanced Settings generic via filter on the_content --><!-- AddThis Share Buttons generic via filter on the_content -->","protected":false},"excerpt":{"rendered":"<p>La erradicaci\u00f3n de esta bacteria disminuye la cantidad de saburra lingual, una de las fisiopatolog\u00edas causantes de mal aliento. El especialista en Gastroenterolog\u00eda y fundador del Centro M\u00e9dico-Quir\u00fargico de Enfermedades Digestivas (CMED), Guerra Flecha, ha se\u00f1alado a la bacteria &#8216;Helicobacter pylori&#8217; como responsable de la aparici\u00f3n de la halitosis estomacal. &#8220;El 48% de la poblaci\u00f3n [&hellip;]<!-- AddThis Advanced Settings generic via filter on get_the_excerpt --><!-- AddThis Share Buttons generic via filter on get_the_excerpt --><\/p>\n","protected":false},"author":22,"featured_media":0,"comment_status":"open","ping_status":"closed","sticky":false,"template":"","format":"standard","meta":[],"categories":[3],"tags":[625,628,486],"_links":{"self":[{"href":"https:\/\/blogs.elcomercio.es\/fonendoscopio\/wp-json\/wp\/v2\/posts\/652"}],"collection":[{"href":"https:\/\/blogs.elcomercio.es\/fonendoscopio\/wp-json\/wp\/v2\/posts"}],"about":[{"href":"https:\/\/blogs.elcomercio.es\/fonendoscopio\/wp-json\/wp\/v2\/types\/post"}],"author":[{"embeddable":true,"href":"https:\/\/blogs.elcomercio.es\/fonendoscopio\/wp-json\/wp\/v2\/users\/22"}],"replies":[{"embeddable":true,"href":"https:\/\/blogs.elcomercio.es\/fonendoscopio\/wp-json\/wp\/v2\/comments?post=652"}],"version-history":[{"count":0,"href":"https:\/\/blogs.elcomercio.es\/fonendoscopio\/wp-json\/wp\/v2\/posts\/652\/revisions"}],"wp:attachment":[{"href":"https:\/\/blogs.elcomercio.es\/fonendoscopio\/wp-json\/wp\/v2\/media?parent=652"}],"wp:term":[{"taxonomy":"category","embeddable":true,"href":"https:\/\/blogs.elcomercio.es\/fonendoscopio\/wp-json\/wp\/v2\/categories?post=652"},{"taxonomy":"post_tag","embeddable":true,"href":"https:\/\/blogs.elcomercio.es\/fonendoscopio\/wp-json\/wp\/v2\/tags?post=652"}],"curies":[{"name":"wp","href":"https:\/\/api.w.org\/{rel}","templated":true}]}}