{"id":656,"date":"2017-04-28T18:51:19","date_gmt":"2017-04-28T16:51:19","guid":{"rendered":"http:\/\/blogs.elcomercio.es\/fonendoscopio\/?p=656"},"modified":"2017-04-28T18:51:19","modified_gmt":"2017-04-28T16:51:19","slug":"los-enfermos-de-asma-y-rinitis-sufren-mas-accidentes-de-trafico","status":"publish","type":"post","link":"https:\/\/blogs.elcomercio.es\/fonendoscopio\/2017\/04\/28\/los-enfermos-de-asma-y-rinitis-sufren-mas-accidentes-de-trafico\/","title":{"rendered":"Los enfermos de asma y rinitis sufren m\u00e1s accidentes de tr\u00e1fico"},"content":{"rendered":"<div>\n<p><strong>Estas patolog\u00edas pueden hacer la conducci\u00f3n molesta e incluso peligrosa si no est\u00e1n controladas.<\/strong><\/p>\n<\/div>\n<p>Los enfermo<a href=\"\/fonendoscopio\/wp-content\/uploads\/sites\/22\/2017\/04\/rinitis-alergica.jpg\"><img loading=\"lazy\" class=\"alignleft size-full wp-image-657\" title=\"rinitis alergica\" src=\"\/fonendoscopio\/wp-content\/uploads\/sites\/22\/2017\/04\/rinitis-alergica.jpg\" alt=\"\" width=\"300\" height=\"168\" \/><\/a>s de asma y rinitis sufren m\u00e1s accidentes de tr\u00e1fico seg\u00fan el estudio de la Sociedad Espa\u00f1ola de Neumolog\u00eda y Cirug\u00eda Tor\u00e1cica (SEPAR) &#8216;Asma, rinitis y seguridad vial&#8217; que tiene como objetivo arrojar alguna luz sobre si estas patolog\u00edas pueden ser consideradas factores de riesgo que afecten a la conducci\u00f3n de veh\u00edculos.<\/p>\n<p>&#8220;La poblaci\u00f3n de asm\u00e1ticos present\u00f3 una mayor prevalencia de accidentes de tr\u00e1fico que el grupo de control, un 41,6% frente a un 33,8%. Tambi\u00e9n se hallaron diferencias significativas en el momento en que se produjeron los accidentes siendo en primavera y oto\u00f1o donde se concentraron m\u00e1s de la mitad de los accidentes en el grupo de los pacientes asm\u00e1ticos, ha indicado el neum\u00f3logo y miembro del \u00c1rea de Asma de SEPAR, Jos\u00e9 Gregorio Soto.<\/p>\n<p>Tambi\u00e9n se debe tener en cuenta que en un paciente rin\u00edtico, cada estornudo equivale a 2 o 3 segundos y que en una sucesi\u00f3n de estos, un coche a 110 kil\u00f3metros por hora de velocidad recorre alrededor de 600 metros casi sin control por parte del conductor. Por otra parte, el consumo de antihistam\u00ednicos puede afectar a las actividades diarias como la conducci\u00f3n. En la mayor parte de los casos se trata de antihistam\u00ednicos cl\u00e1sicos o de primera generaci\u00f3n, cuyo efecto sedante deteriora el rendimiento psicomotor.<\/p>\n<p>La rinitis y la rinosinusitis son patolog\u00edas muy prevalente ya que se estima que, en Espa\u00f1a, en torno al 21% de la poblaci\u00f3n padece rinitis al\u00e9rgica, entre el 5 y el 15% sufre rinosinusitis cr\u00f3nica y un 2% poliposis nasosinusal. Adem\u00e1s, la prevalencia de asma asciende al 7% de la poblaci\u00f3n general en los \u00faltimos estudios realizados, por lo que ser\u00edan casi 10 millones de personas en Espa\u00f1a los que sufren problemas relacionados con procesos al\u00e9rgicos y cuya conducci\u00f3n puede verse afectada por su enfermedad y hasta ser peligrosa.<\/p>\n<!-- AddThis Advanced Settings generic via filter on the_content --><!-- AddThis Share Buttons generic via filter on the_content -->","protected":false},"excerpt":{"rendered":"<p>Estas patolog\u00edas pueden hacer la conducci\u00f3n molesta e incluso peligrosa si no est\u00e1n controladas. Los enfermos de asma y rinitis sufren m\u00e1s accidentes de tr\u00e1fico seg\u00fan el estudio de la Sociedad Espa\u00f1ola de Neumolog\u00eda y Cirug\u00eda Tor\u00e1cica (SEPAR) &#8216;Asma, rinitis y seguridad vial&#8217; que tiene como objetivo arrojar alguna luz sobre si estas patolog\u00edas pueden [&hellip;]<!-- AddThis Advanced Settings generic via filter on get_the_excerpt --><!-- AddThis Share Buttons generic via filter on get_the_excerpt --><\/p>\n","protected":false},"author":22,"featured_media":0,"comment_status":"open","ping_status":"closed","sticky":false,"template":"","format":"standard","meta":[],"categories":[2,3],"tags":[624,508],"_links":{"self":[{"href":"https:\/\/blogs.elcomercio.es\/fonendoscopio\/wp-json\/wp\/v2\/posts\/656"}],"collection":[{"href":"https:\/\/blogs.elcomercio.es\/fonendoscopio\/wp-json\/wp\/v2\/posts"}],"about":[{"href":"https:\/\/blogs.elcomercio.es\/fonendoscopio\/wp-json\/wp\/v2\/types\/post"}],"author":[{"embeddable":true,"href":"https:\/\/blogs.elcomercio.es\/fonendoscopio\/wp-json\/wp\/v2\/users\/22"}],"replies":[{"embeddable":true,"href":"https:\/\/blogs.elcomercio.es\/fonendoscopio\/wp-json\/wp\/v2\/comments?post=656"}],"version-history":[{"count":0,"href":"https:\/\/blogs.elcomercio.es\/fonendoscopio\/wp-json\/wp\/v2\/posts\/656\/revisions"}],"wp:attachment":[{"href":"https:\/\/blogs.elcomercio.es\/fonendoscopio\/wp-json\/wp\/v2\/media?parent=656"}],"wp:term":[{"taxonomy":"category","embeddable":true,"href":"https:\/\/blogs.elcomercio.es\/fonendoscopio\/wp-json\/wp\/v2\/categories?post=656"},{"taxonomy":"post_tag","embeddable":true,"href":"https:\/\/blogs.elcomercio.es\/fonendoscopio\/wp-json\/wp\/v2\/tags?post=656"}],"curies":[{"name":"wp","href":"https:\/\/api.w.org\/{rel}","templated":true}]}}