{"id":660,"date":"2017-04-28T19:01:40","date_gmt":"2017-04-28T17:01:40","guid":{"rendered":"http:\/\/blogs.elcomercio.es\/fonendoscopio\/?p=660"},"modified":"2017-04-28T19:01:40","modified_gmt":"2017-04-28T17:01:40","slug":"la-mitad-de-las-personas-con-hipertension-arterial-sufre-tambien-apnea-del-sueno","status":"publish","type":"post","link":"https:\/\/blogs.elcomercio.es\/fonendoscopio\/2017\/04\/28\/la-mitad-de-las-personas-con-hipertension-arterial-sufre-tambien-apnea-del-sueno\/","title":{"rendered":"La mitad de las personas con hipertensi\u00f3n arterial sufre tambi\u00e9n apnea del sue\u00f1o"},"content":{"rendered":"<div>\n<p><strong>La presencia de trastornos del sue\u00f1o podr\u00eda ser un factor agravante.<\/strong><\/p>\n<\/div>\n<p>Lo<a href=\"\/fonendoscopio\/wp-content\/uploads\/sites\/22\/2017\/04\/apnea-del-sue\u00f1o.jpg\"><img loading=\"lazy\" class=\"alignleft size-full wp-image-661\" title=\"apnea del sue\u00f1o\" src=\"\/fonendoscopio\/wp-content\/uploads\/sites\/22\/2017\/04\/apnea-del-sue\u00f1o.jpg\" alt=\"\" width=\"374\" height=\"135\" srcset=\"https:\/\/static-blogs.elcomercio.es\/wp-content\/uploads\/sites\/22\/2017\/04\/apnea-del-sue\u00f1o.jpg 374w, https:\/\/static-blogs.elcomercio.es\/wp-content\/uploads\/sites\/22\/2017\/04\/apnea-del-sue\u00f1o-300x108.jpg 300w\" sizes=\"(max-width: 374px) 100vw, 374px\" \/><\/a>s problemas de sue\u00f1o se vinculan a un mayor riesgo cardiovascular y, de hecho, se estima que hasta la mitad de las personas con hipertensi\u00f3n arterial sufren a su vez apnea del sue\u00f1o, seg\u00fan ha destacado la Sociedad Espa\u00f1ola de Sue\u00f1o (SES) durante su XXV reuni\u00f3n anual celebrada en Santander.<\/p>\n<p>De hecho, el congreso se celebra bajo el lema &#8216;Sue\u00f1o saludable, coraz\u00f3n sano&#8217; ya que, como ha destacado el Dr. Ferr\u00e1n Barb\u00e9, miembro de la SES, la apnea puede afectar incluso al 80% de las personas con hipertensi\u00f3n resistente, que son los que tienen m\u00e1s riesgo cardiovascular.<\/p>\n<p>En el 90% de los pacientes la causa de la hipertensi\u00f3n es desconocida, pero la presencia de trastornos del sue\u00f1o podr\u00eda ser un factor agravante, por ello es necesario &#8220;aplicar una medicina personalizada ya que la respuesta de cada paciente es muy variable&#8221;, asegura este experto.<\/p>\n<p>Adem\u00e1s, los especialistas recomiendan aplicar las normas b\u00e1sicas de higiene del sue\u00f1o para mantener una buena salud cardiovascular, as\u00ed como prevenir el sobrepeso, uno de los principales factores asociados tanto a la apnea como a la hipertensi\u00f3n arterial.<\/p>\n<p>El s\u00edndrome de apneas-hipopneas del sue\u00f1o (SAHS) se caracteriza por la presencia de episodios repetidos de interrupci\u00f3n parcial o completa de la respiraci\u00f3n durante el sue\u00f1o.<\/p>\n<p>En la actualidad constituye un problema de salud p\u00fablica, debido fundamentalmente a su elevada prevalencia y morbi-mortalidad asociada. Y tambi\u00e9n porque existen evidencias cient\u00edficas que los asocian a enfermedades oncol\u00f3gicas o cardiovasculares.<\/p>\n<p>&#8220;Hemos de tener en cuenta las consecuencias sociales que puede llegar a tener no enfrentar de manera adecuada este creciente problema&#8221;, ha a\u00f1adido el presidente de la SES, Joaqu\u00edn Ter\u00e1n-Santos.<\/p>\n<p>En este sentido, reconoce que entre la poblaci\u00f3n m\u00e1s joven es donde la falta de una adecuada atenci\u00f3n puede desencadenar un sinf\u00edn de problemas neuro-cognitivos que, a medio y largo plazo, van a influir de manera decisiva en el crecimiento econ\u00f3mico de un pa\u00eds. &#8220;No en vano, algunos estudios a escala europea cifran ya la influencia de las alteraciones del sue\u00f1o en un 1,6% del PIB en Espa\u00f1a, seg\u00fan este experto.<\/p>\n<p>El presidente de la SES advierte tambi\u00e9n de que problemas como la disminuci\u00f3n de horas de sue\u00f1o o el impacto del trabajo a turnos est\u00e1n influyendo en el desarrollo de la obesidad y otros tipos de alteraciones metab\u00f3licas e incluso oncol\u00f3gicas.<\/p>\n<!-- AddThis Advanced Settings generic via filter on the_content --><!-- AddThis Share Buttons generic via filter on the_content -->","protected":false},"excerpt":{"rendered":"<p>La presencia de trastornos del sue\u00f1o podr\u00eda ser un factor agravante. Los problemas de sue\u00f1o se vinculan a un mayor riesgo cardiovascular y, de hecho, se estima que hasta la mitad de las personas con hipertensi\u00f3n arterial sufren a su vez apnea del sue\u00f1o, seg\u00fan ha destacado la Sociedad Espa\u00f1ola de Sue\u00f1o (SES) durante su [&hellip;]<!-- AddThis Advanced Settings generic via filter on get_the_excerpt --><!-- AddThis Share Buttons generic via filter on get_the_excerpt --><\/p>\n","protected":false},"author":22,"featured_media":0,"comment_status":"open","ping_status":"closed","sticky":false,"template":"","format":"standard","meta":[],"categories":[3],"tags":[623,627],"_links":{"self":[{"href":"https:\/\/blogs.elcomercio.es\/fonendoscopio\/wp-json\/wp\/v2\/posts\/660"}],"collection":[{"href":"https:\/\/blogs.elcomercio.es\/fonendoscopio\/wp-json\/wp\/v2\/posts"}],"about":[{"href":"https:\/\/blogs.elcomercio.es\/fonendoscopio\/wp-json\/wp\/v2\/types\/post"}],"author":[{"embeddable":true,"href":"https:\/\/blogs.elcomercio.es\/fonendoscopio\/wp-json\/wp\/v2\/users\/22"}],"replies":[{"embeddable":true,"href":"https:\/\/blogs.elcomercio.es\/fonendoscopio\/wp-json\/wp\/v2\/comments?post=660"}],"version-history":[{"count":0,"href":"https:\/\/blogs.elcomercio.es\/fonendoscopio\/wp-json\/wp\/v2\/posts\/660\/revisions"}],"wp:attachment":[{"href":"https:\/\/blogs.elcomercio.es\/fonendoscopio\/wp-json\/wp\/v2\/media?parent=660"}],"wp:term":[{"taxonomy":"category","embeddable":true,"href":"https:\/\/blogs.elcomercio.es\/fonendoscopio\/wp-json\/wp\/v2\/categories?post=660"},{"taxonomy":"post_tag","embeddable":true,"href":"https:\/\/blogs.elcomercio.es\/fonendoscopio\/wp-json\/wp\/v2\/tags?post=660"}],"curies":[{"name":"wp","href":"https:\/\/api.w.org\/{rel}","templated":true}]}}