{"id":665,"date":"2017-04-28T19:09:04","date_gmt":"2017-04-28T17:09:04","guid":{"rendered":"http:\/\/blogs.elcomercio.es\/fonendoscopio\/?p=665"},"modified":"2017-04-28T19:09:04","modified_gmt":"2017-04-28T17:09:04","slug":"el-consumo-diario-de-bebidas-azucaradas-y-zumos-de-frutas-afecta-al-cerebro","status":"publish","type":"post","link":"https:\/\/blogs.elcomercio.es\/fonendoscopio\/2017\/04\/28\/el-consumo-diario-de-bebidas-azucaradas-y-zumos-de-frutas-afecta-al-cerebro\/","title":{"rendered":"El consumo diario de bebidas azucaradas y zumos de frutas afecta al cerebro"},"content":{"rendered":"<div>\n<p><strong>Aumenta la probabilidad de tener una memoria m\u00e1s pobre, vol\u00famenes cerebrales globales y del hipocampo m\u00e1s peque\u00f1os.<\/strong><\/p>\n<\/div>\n<p>Los datos del Frami<a href=\"\/fonendoscopio\/wp-content\/uploads\/sites\/22\/2017\/04\/bebidas-azucaradas.jpg\"><img loading=\"lazy\" class=\"alignleft size-full wp-image-666\" title=\"bebidas azucaradas\" src=\"\/fonendoscopio\/wp-content\/uploads\/sites\/22\/2017\/04\/bebidas-azucaradas.jpg\" alt=\"\" width=\"293\" height=\"172\" \/><\/a>ngham Heart Study (FHS) revelan que las personas que consumen m\u00e1s frecuentemente bebidas azucaradas artificialmente como sodas y zumos de frutas tienen m\u00e1s probabilidad de tener una memoria m\u00e1s pobre, vol\u00famenes cerebrales globales m\u00e1s peque\u00f1os y vol\u00famenes del hipocampo m\u00e1s peque\u00f1os, un \u00e1rea del cerebro importante para la memoria.<\/p>\n<p>Los investigadores tambi\u00e9n encontraron que las personas que tomaban diariamente soda diet\u00e9tica ten\u00edan casi tres veces m\u00e1s probabilidades de desarrollar un accidente cerebrovascular y demencia en comparaci\u00f3n con aquellos que no consum\u00edan soda diet\u00e9tica, como informan en un art\u00edculo publicado en las revistas &#8220;Alzheimer&#8217;s and Dementia&#8221; y &#8220;Stroke&#8221;.<\/p>\n<p>Los investigadores se\u00f1alan que las patolog\u00edas preexistentes como las enfermedades cardiovasculares, la diabetes y la presi\u00f3n arterial alta no explican completamente sus hallazgos. Por ejemplo, las personas que consum\u00edan con m\u00e1s frecuencia soda diet\u00e9tica tambi\u00e9n eran m\u00e1s propensas a ser diab\u00e9ticas, lo que se cree que aumenta el riesgo de demencia. Sin embargo, incluso despu\u00e9s de excluir a los diab\u00e9ticos del estudio, el consumo de soda diet\u00e9tica estaba todav\u00eda asociado con riesgo de demencia.<\/p>\n<p>Aunque los investigadores sugieren que las personas deben ser cautelosas acerca de consumir regularmente refrescos de dieta o bebidas azucaradas, es prematuro decir que sus observaciones representan causa y efecto. Se necesitan otros estudios para analizar si dar a las personas edulcorantes artificiales provoca efectos adversos en el cerebro.<\/p>\n<!-- AddThis Advanced Settings generic via filter on the_content --><!-- AddThis Share Buttons generic via filter on the_content -->","protected":false},"excerpt":{"rendered":"<p>Aumenta la probabilidad de tener una memoria m\u00e1s pobre, vol\u00famenes cerebrales globales y del hipocampo m\u00e1s peque\u00f1os. Los datos del Framingham Heart Study (FHS) revelan que las personas que consumen m\u00e1s frecuentemente bebidas azucaradas artificialmente como sodas y zumos de frutas tienen m\u00e1s probabilidad de tener una memoria m\u00e1s pobre, vol\u00famenes cerebrales globales m\u00e1s peque\u00f1os [&hellip;]<!-- AddThis Advanced Settings generic via filter on get_the_excerpt --><!-- AddThis Share Buttons generic via filter on get_the_excerpt --><\/p>\n","protected":false},"author":22,"featured_media":0,"comment_status":"open","ping_status":"closed","sticky":false,"template":"","format":"standard","meta":[],"categories":[2,3],"tags":[626,179],"_links":{"self":[{"href":"https:\/\/blogs.elcomercio.es\/fonendoscopio\/wp-json\/wp\/v2\/posts\/665"}],"collection":[{"href":"https:\/\/blogs.elcomercio.es\/fonendoscopio\/wp-json\/wp\/v2\/posts"}],"about":[{"href":"https:\/\/blogs.elcomercio.es\/fonendoscopio\/wp-json\/wp\/v2\/types\/post"}],"author":[{"embeddable":true,"href":"https:\/\/blogs.elcomercio.es\/fonendoscopio\/wp-json\/wp\/v2\/users\/22"}],"replies":[{"embeddable":true,"href":"https:\/\/blogs.elcomercio.es\/fonendoscopio\/wp-json\/wp\/v2\/comments?post=665"}],"version-history":[{"count":0,"href":"https:\/\/blogs.elcomercio.es\/fonendoscopio\/wp-json\/wp\/v2\/posts\/665\/revisions"}],"wp:attachment":[{"href":"https:\/\/blogs.elcomercio.es\/fonendoscopio\/wp-json\/wp\/v2\/media?parent=665"}],"wp:term":[{"taxonomy":"category","embeddable":true,"href":"https:\/\/blogs.elcomercio.es\/fonendoscopio\/wp-json\/wp\/v2\/categories?post=665"},{"taxonomy":"post_tag","embeddable":true,"href":"https:\/\/blogs.elcomercio.es\/fonendoscopio\/wp-json\/wp\/v2\/tags?post=665"}],"curies":[{"name":"wp","href":"https:\/\/api.w.org\/{rel}","templated":true}]}}