{"id":701,"date":"2017-05-21T19:10:21","date_gmt":"2017-05-21T17:10:21","guid":{"rendered":"http:\/\/blogs.elcomercio.es\/fonendoscopio\/?p=701"},"modified":"2017-05-21T19:10:21","modified_gmt":"2017-05-21T17:10:21","slug":"registrar-la-tension-arterial-un-hecho-muy-importante","status":"publish","type":"post","link":"https:\/\/blogs.elcomercio.es\/fonendoscopio\/2017\/05\/21\/registrar-la-tension-arterial-un-hecho-muy-importante\/","title":{"rendered":"Registrar la Tensi\u00f3n arterial un hecho muy importante"},"content":{"rendered":"<p>La Sociedad Internacional de Hipertensi\u00f3n (ISH) y la Liga Mundial de Hipertensi\u00f3n (WHL) est\u00e1n liderando una nueva campa\u00f1a mundial para determinar la prevalencia de la hipertensi\u00f3n. La campa\u00f1a tiene como objetivo resaltar la necesidad de aumentar la conciencia sobre la presi\u00f3n arterial.<\/p>\n<p>Se estima que 1<a href=\"http:\/\/blogs-new.elcomercio.es\/fonendoscopio\/wp-content\/uploads\/sites\/22\/2017\/05\/medir-la-TA.jpg\" rel=\"external nofollow\"><img loading=\"lazy\" class=\"size-medium wp-image-702 alignleft\" src=\"\/\/blogs-new.elcomercio.es\/fonendoscopio\/wp-content\/uploads\/sites\/22\/2017\/05\/medir-la-TA-300x150.jpg\" alt=\"medir-la-ta\" width=\"300\" height=\"150\" srcset=\"https:\/\/static-blogs.elcomercio.es\/wp-content\/uploads\/sites\/22\/2017\/05\/medir-la-TA-300x150.jpg 300w, https:\/\/static-blogs.elcomercio.es\/wp-content\/uploads\/sites\/22\/2017\/05\/medir-la-TA.jpg 318w\" sizes=\"(max-width: 300px) 100vw, 300px\" \/><\/a>0 millones de personas mueren innecesariamente al a\u00f1o como resultado de una complicaci\u00f3n de la hipertensi\u00f3n, s\u00f3lo la mitad de estas personas son conscientes de que tienen hipertensi\u00f3n antes del evento.<\/p>\n<p>La nueva campa\u00f1a, Mes de Medici\u00f3n de Mayo, se basa en el D\u00eda Mundial de la Hipertensi\u00f3n establecido por la WHL, que tiene lugar el 17 de mayo.<\/p>\n<p>El objetivo es examinar al menos a 25 millones de personas en todo el mundo que no han medido su presi\u00f3n arterial el a\u00f1o anterior e Involucran a m\u00e1s de 100 sitios en 100 pa\u00edses a lo largo del mes. Se espera que m\u00e1s de 2 millones de personas se encuentre que tienen hipertensi\u00f3n no diagnosticada que requiere intervenci\u00f3n de acuerdo con las directrices actuales.<br \/>\n&#8220;El aumento de la presi\u00f3n arterial es el principal factor de riesgo que contribuye a la muerte global y la carga mundial de enfermedades, y queremos que el Mes de Medici\u00f3n de Mayo establezca bases s\u00f3lidas para aumentar significativamente la comprensi\u00f3n p\u00fablica&#8221;, dijo Neil Poulter, presidente de ISH.<\/p>\n<!-- AddThis Advanced Settings generic via filter on the_content --><!-- AddThis Share Buttons generic via filter on the_content -->","protected":false},"excerpt":{"rendered":"<p>La Sociedad Internacional de Hipertensi\u00f3n (ISH) y la Liga Mundial de Hipertensi\u00f3n (WHL) est\u00e1n liderando una nueva campa\u00f1a mundial para determinar la prevalencia de la hipertensi\u00f3n. La campa\u00f1a tiene como objetivo resaltar la necesidad de aumentar la conciencia sobre la presi\u00f3n arterial. Se estima que 10 millones de personas mueren innecesariamente al a\u00f1o como resultado [&hellip;]<!-- AddThis Advanced Settings generic via filter on get_the_excerpt --><!-- AddThis Share Buttons generic via filter on get_the_excerpt --><\/p>\n","protected":false},"author":22,"featured_media":0,"comment_status":"open","ping_status":"closed","sticky":false,"template":"","format":"standard","meta":[],"categories":[3],"tags":[647],"_links":{"self":[{"href":"https:\/\/blogs.elcomercio.es\/fonendoscopio\/wp-json\/wp\/v2\/posts\/701"}],"collection":[{"href":"https:\/\/blogs.elcomercio.es\/fonendoscopio\/wp-json\/wp\/v2\/posts"}],"about":[{"href":"https:\/\/blogs.elcomercio.es\/fonendoscopio\/wp-json\/wp\/v2\/types\/post"}],"author":[{"embeddable":true,"href":"https:\/\/blogs.elcomercio.es\/fonendoscopio\/wp-json\/wp\/v2\/users\/22"}],"replies":[{"embeddable":true,"href":"https:\/\/blogs.elcomercio.es\/fonendoscopio\/wp-json\/wp\/v2\/comments?post=701"}],"version-history":[{"count":1,"href":"https:\/\/blogs.elcomercio.es\/fonendoscopio\/wp-json\/wp\/v2\/posts\/701\/revisions"}],"predecessor-version":[{"id":703,"href":"https:\/\/blogs.elcomercio.es\/fonendoscopio\/wp-json\/wp\/v2\/posts\/701\/revisions\/703"}],"wp:attachment":[{"href":"https:\/\/blogs.elcomercio.es\/fonendoscopio\/wp-json\/wp\/v2\/media?parent=701"}],"wp:term":[{"taxonomy":"category","embeddable":true,"href":"https:\/\/blogs.elcomercio.es\/fonendoscopio\/wp-json\/wp\/v2\/categories?post=701"},{"taxonomy":"post_tag","embeddable":true,"href":"https:\/\/blogs.elcomercio.es\/fonendoscopio\/wp-json\/wp\/v2\/tags?post=701"}],"curies":[{"name":"wp","href":"https:\/\/api.w.org\/{rel}","templated":true}]}}