{"id":722,"date":"2017-06-09T12:07:11","date_gmt":"2017-06-09T10:07:11","guid":{"rendered":"http:\/\/blogs.elcomercio.es\/fonendoscopio\/?p=722"},"modified":"2017-06-09T12:07:11","modified_gmt":"2017-06-09T10:07:11","slug":"50o-congreso-separ","status":"publish","type":"post","link":"https:\/\/blogs.elcomercio.es\/fonendoscopio\/2017\/06\/09\/50o-congreso-separ\/","title":{"rendered":"50\u00ba Congreso SEPAR"},"content":{"rendered":"<p>Durante el pasad<a href=\"http:\/\/blogs-new.elcomercio.es\/fonendoscopio\/wp-content\/uploads\/sites\/22\/2017\/06\/50-congreso-separ-2.png\" rel=\"external nofollow\"><img loading=\"lazy\" class=\"size-medium wp-image-723 alignleft\" src=\"\/\/blogs-new.elcomercio.es\/fonendoscopio\/wp-content\/uploads\/sites\/22\/2017\/06\/50-congreso-separ-2-300x86.png\" alt=\"50-congreso-separ-2\" width=\"300\" height=\"86\" srcset=\"https:\/\/static-blogs.elcomercio.es\/wp-content\/uploads\/sites\/22\/2017\/06\/50-congreso-separ-2-300x86.png 300w, https:\/\/static-blogs.elcomercio.es\/wp-content\/uploads\/sites\/22\/2017\/06\/50-congreso-separ-2-768x221.png 768w, https:\/\/static-blogs.elcomercio.es\/wp-content\/uploads\/sites\/22\/2017\/06\/50-congreso-separ-2.png 1000w\" sizes=\"(max-width: 300px) 100vw, 300px\" \/><\/a>o fin de semana se celebr\u00f3 en el hotel Marriott\u00a0 (Auditorium) de Madrid el quincuas\u00e9gimo congreso de la sociedad espa\u00f1ola\u00a0 de patologia respiratoria al cual acud\u00ed.<\/p>\n<p>Me interesaba escuchar de primera mano novedades anunciadas con anterioridad en el programa, por ejemplo tratamientos actualizados practicamente individualizados en la EPOC dependiendo del fenotipo predominante del paciente, ciertamente hubo bastantes conferencias y comunicaciones en torno a este tema no en balde se habia realizado previamente un estudio multidisciplinar que tom\u00f3 cuerpo en forma de una gu\u00eda de consenso publicitada y exhaustivamente dada a conocer durante el congreso y editada como n\u00famero extraordinario en la revista Archivos de Bronconeumolog\u00eda (Vol. 53 Junio 2017) . Como resumen podr\u00edamos decir que se prodiga <a href=\"http:\/\/blogs-new.elcomercio.es\/fonendoscopio\/wp-content\/uploads\/sites\/22\/2017\/06\/separ-50-congreso.jpg\" rel=\"external nofollow\"><img loading=\"lazy\" class=\"size-medium wp-image-724 alignright\" src=\"\/\/blogs-new.elcomercio.es\/fonendoscopio\/wp-content\/uploads\/sites\/22\/2017\/06\/separ-50-congreso-300x161.jpg\" alt=\"separ-50-congreso\" width=\"300\" height=\"161\" srcset=\"https:\/\/static-blogs.elcomercio.es\/wp-content\/uploads\/sites\/22\/2017\/06\/separ-50-congreso-300x161.jpg 300w, https:\/\/static-blogs.elcomercio.es\/wp-content\/uploads\/sites\/22\/2017\/06\/separ-50-congreso.jpg 584w\" sizes=\"(max-width: 300px) 100vw, 300px\" \/><\/a>menos el uso de corticoides inhalados en el tratamiento de los pacientes con EPOC, salvo en el fenotivo ACO combinaci\u00f3n de EPOC y Asma Bronquial. Siguiendo con el tratamiento comentar que la primera opci\u00f3n son los\u00a0 BDLD tipo LAMA (broncodilatadores de larga duraci\u00f3n antimuscarinicos tipo tiotropio) y como segundo escal\u00f3n BDLD tipo LABA (beta agonistas ) . A alg\u00fan espectador &#8221; neum\u00f3logo que peinaba canas&#8221; le pareci\u00f3 que de todo esto de &#8221; los fenotipos actuales&#8221; ya se hablaba hace m\u00e1s de cuarenta a\u00f1os bronquitis asm\u00e1tiforme etc. la respuesta de los ponentes de la mesa &#8220;cierto&#8221; pero ahora sabemos m\u00e1s de fisiopatologia y por tanto los tratamientos se pueden practicamente\u00a0 personalizar. Se habl\u00f3 a este respecto de marcadores gen\u00e9ticos (TH2) presencia de eosin\u00f3filos en sangre y esputo.<\/p>\n<p>Asisti a una mesa redonda de posible inter\u00e9s donde se recogia la informaci\u00f3n y bibliograf\u00eda actualizada sobre lo m\u00e1s interesante del a\u00f1o sobre EPOC, Asma, Insuficiencia Respiratoria y Cirug\u00eda Tor\u00e1cica . Sobre este \u00faltimo tema el cirujano experto ponente de la mesa del Hospital Universitario de Salamanca record\u00f3 que a\u00fan en Espa\u00f1a y Europa la cirugia tipo VATS por toracoscopia menos invasiva que la standar no llega al 20%<\/p>\n<p>En otras sesiones a las que pude asistir se habl\u00f3 de las neumonias de la comunidad, se present\u00f3 un trabajo realizado por m\u00e9dicos vascos, de car\u00e1cter retrospectivo donde se analizaban todas las neumonias ingresadas en un hospital del pais vasco durante diez a\u00f1os en el estudio se recogian m\u00faltiples variables, pero en las conclusiones no se obtenian datos relevantes y desde lu<a href=\"http:\/\/blogs-new.elcomercio.es\/fonendoscopio\/wp-content\/uploads\/sites\/22\/2017\/06\/50-congreso-separ-1.jpg\" rel=\"external nofollow\"><img loading=\"lazy\" class=\"size-medium wp-image-725 alignleft\" src=\"\/\/blogs-new.elcomercio.es\/fonendoscopio\/wp-content\/uploads\/sites\/22\/2017\/06\/50-congreso-separ-1-300x200.jpg\" alt=\"50-congreso-separ-1\" width=\"300\" height=\"200\" srcset=\"https:\/\/static-blogs.elcomercio.es\/wp-content\/uploads\/sites\/22\/2017\/06\/50-congreso-separ-1-300x200.jpg 300w, https:\/\/static-blogs.elcomercio.es\/wp-content\/uploads\/sites\/22\/2017\/06\/50-congreso-separ-1.jpg 584w\" sizes=\"(max-width: 300px) 100vw, 300px\" \/><\/a>ego nada que pudiera ser novedoso al tratarse de un estudio no prospectivo.<\/p>\n<p>En fin bastante p\u00fablico asistente, sobre todo m\u00e9dicas jov\u00e9nes supongo la mayoria de hospitales de la comunidad de Madrid, parece que la especialidad sigue contando con buena salud despu\u00e9s de cincuenta a\u00f1os de vida<\/p>\n<p>&nbsp;<\/p>\n<p>&nbsp;<\/p>\n<!-- AddThis Advanced Settings generic via filter on the_content --><!-- AddThis Share Buttons generic via filter on the_content -->","protected":false},"excerpt":{"rendered":"<p>Durante el pasado fin de semana se celebr\u00f3 en el hotel Marriott\u00a0 (Auditorium) de Madrid el quincuas\u00e9gimo congreso de la sociedad espa\u00f1ola\u00a0 de patologia respiratoria al cual acud\u00ed. Me interesaba escuchar de primera mano novedades anunciadas con anterioridad en el programa, por ejemplo tratamientos actualizados practicamente individualizados en la EPOC dependiendo del fenotipo predominante del [&hellip;]<!-- AddThis Advanced Settings generic via filter on get_the_excerpt --><!-- AddThis Share Buttons generic via filter on get_the_excerpt --><\/p>\n","protected":false},"author":22,"featured_media":0,"comment_status":"open","ping_status":"closed","sticky":false,"template":"","format":"standard","meta":[],"categories":[2,5],"tags":[139,658,528],"_links":{"self":[{"href":"https:\/\/blogs.elcomercio.es\/fonendoscopio\/wp-json\/wp\/v2\/posts\/722"}],"collection":[{"href":"https:\/\/blogs.elcomercio.es\/fonendoscopio\/wp-json\/wp\/v2\/posts"}],"about":[{"href":"https:\/\/blogs.elcomercio.es\/fonendoscopio\/wp-json\/wp\/v2\/types\/post"}],"author":[{"embeddable":true,"href":"https:\/\/blogs.elcomercio.es\/fonendoscopio\/wp-json\/wp\/v2\/users\/22"}],"replies":[{"embeddable":true,"href":"https:\/\/blogs.elcomercio.es\/fonendoscopio\/wp-json\/wp\/v2\/comments?post=722"}],"version-history":[{"count":1,"href":"https:\/\/blogs.elcomercio.es\/fonendoscopio\/wp-json\/wp\/v2\/posts\/722\/revisions"}],"predecessor-version":[{"id":726,"href":"https:\/\/blogs.elcomercio.es\/fonendoscopio\/wp-json\/wp\/v2\/posts\/722\/revisions\/726"}],"wp:attachment":[{"href":"https:\/\/blogs.elcomercio.es\/fonendoscopio\/wp-json\/wp\/v2\/media?parent=722"}],"wp:term":[{"taxonomy":"category","embeddable":true,"href":"https:\/\/blogs.elcomercio.es\/fonendoscopio\/wp-json\/wp\/v2\/categories?post=722"},{"taxonomy":"post_tag","embeddable":true,"href":"https:\/\/blogs.elcomercio.es\/fonendoscopio\/wp-json\/wp\/v2\/tags?post=722"}],"curies":[{"name":"wp","href":"https:\/\/api.w.org\/{rel}","templated":true}]}}