{"id":727,"date":"2017-06-09T12:28:44","date_gmt":"2017-06-09T10:28:44","guid":{"rendered":"http:\/\/blogs.elcomercio.es\/fonendoscopio\/?p=727"},"modified":"2017-06-09T12:28:44","modified_gmt":"2017-06-09T10:28:44","slug":"el-tabaco-esta-detras-de-mas-de-una-decena-de-tumores","status":"publish","type":"post","link":"https:\/\/blogs.elcomercio.es\/fonendoscopio\/2017\/06\/09\/el-tabaco-esta-detras-de-mas-de-una-decena-de-tumores\/","title":{"rendered":"El tabaco est\u00e1 detr\u00e1s de m\u00e1s de una decena de tumores"},"content":{"rendered":"<article data-internal-id=\"\">\n<div class=\"item-subtitle\">\n<p class=\"description\"><strong>No fumar se considera en la actualidad como la mejor medida preventiva frente al c\u00e1ncer.<\/strong><\/p>\n<\/div>\n<div class=\"item-gen item-01\">\n<div class=\"description\">\n<p>La Sociedad Espa\u00f1ola de Oncolog\u00eda M\u00e9dica (SEOM) asegura que el tabaco es la principal causa de m\u00e1s de una decena de tumores, ya que participa en el desarrollo del c\u00e1ncer de pulm\u00f3n, cavidad oral, faringe, laringe, es\u00f3fago, est\u00f3mago, cuello de \u00fatero, vejiga, intestino, ri\u00f1\u00f3n, p\u00e1ncreas y pr\u00f3stata, adem\u00e1s de la leucemia mieloide aguda.<\/p>\n<p>Esta sociedad cient\u00edfi<a href=\"http:\/\/blogs-new.elcomercio.es\/fonendoscopio\/wp-content\/uploads\/sites\/22\/2017\/04\/contaminacion-y-tabaco.jpg\" rel=\"external nofollow\"><img loading=\"lazy\" class=\"size-full wp-image-645 alignleft\" src=\"\/\/blogs-new.elcomercio.es\/fonendoscopio\/wp-content\/uploads\/sites\/22\/2017\/04\/contaminacion-y-tabaco.jpg\" alt=\"contaminacion y tabaco\" width=\"275\" height=\"183\" \/><\/a>ca recuerda que seg\u00fan los patrones actuales de consumo aproximadamente 450 millones de personas adultas fallecer\u00e1n por el tabaco entre los a\u00f1os 2000 y 2050.<\/p>\n<p>El c\u00e1ncer de pulm\u00f3n en los hombres alcanz\u00f3 su punto m\u00e1ximo a finales de 1980, y desde entonces ha ca\u00eddo en cerca de un tercio hasta los 36 casos por cada 100.000 hombres\/a\u00f1o en los pa\u00edses de la Uni\u00f3n Europea. Y en las mujeres, las tasas se han incrementado durante estos \u00faltimos a\u00f1os, la tasa actual es de alrededor de 14 casos por cada 100.000 mujeres.<\/p>\n<p>Sin embargo, hay datos que indican que tambi\u00e9n puede aumentar el riesgo de c\u00e1ncer de mama. Se estima que el efecto carcin\u00f3geno del tabaco se asocia al 16-40% de los casos de c\u00e1ncer en general, de ah\u00ed que el hecho de no fumar se considere en la actualidad como la mejor medida preventiva frente al c\u00e1ncer.<\/p>\n<p>En Espa\u00f1a, el presidente de la SEOM, Miguel Mart\u00edn, ha reconocido que la Ley antitabaco de 2005 supuso un &#8220;avance importante&#8221; y aunque los progresos en el campo del tratamiento del tabaquismo se est\u00e1n acelerando, a\u00fan no son suficientes.<\/p>\n<p>Las pol\u00edticas y programas de reducci\u00f3n de la demanda de productos de tabaco son altamente rentables, e incluyen desde impuestos significativos sobre el tabaco y aumentos de precios; prohibici\u00f3n de las actividades de comercializaci\u00f3n de la industria tabacalera; etiquetas de advertencia de salud pict\u00f3rica; pol\u00edticas libres de humo de tabaco y programas de abandono del tabaco para ayudar a las personas a dejar de fumar.<\/p>\n<p>&#8220;Desde SEOM queremos insistir en que nunca es tarde para dejar el h\u00e1bito tab\u00e1quico. Los beneficios de dejar de fumar empiezan desde el primer d\u00eda y despu\u00e9s de 10 a\u00f1os sin fumar el riesgo de morir por un c\u00e1ncer de pulm\u00f3n es la mitad que si se continuase fumando&#8221;, ha se\u00f1alado esta sociedad cient\u00edfica.<\/p>\n<\/div>\n<\/div>\n<\/article>\n<p>&nbsp;<\/p>\n<!-- AddThis Advanced Settings generic via filter on the_content --><!-- AddThis Share Buttons generic via filter on the_content -->","protected":false},"excerpt":{"rendered":"<p>No fumar se considera en la actualidad como la mejor medida preventiva frente al c\u00e1ncer. La Sociedad Espa\u00f1ola de Oncolog\u00eda M\u00e9dica (SEOM) asegura que el tabaco es la principal causa de m\u00e1s de una decena de tumores, ya que participa en el desarrollo del c\u00e1ncer de pulm\u00f3n, cavidad oral, faringe, laringe, es\u00f3fago, est\u00f3mago, cuello de [&hellip;]<!-- AddThis Advanced Settings generic via filter on get_the_excerpt --><!-- AddThis Share Buttons generic via filter on get_the_excerpt --><\/p>\n","protected":false},"author":22,"featured_media":0,"comment_status":"open","ping_status":"closed","sticky":false,"template":"","format":"standard","meta":[],"categories":[3,4],"tags":[659,550],"_links":{"self":[{"href":"https:\/\/blogs.elcomercio.es\/fonendoscopio\/wp-json\/wp\/v2\/posts\/727"}],"collection":[{"href":"https:\/\/blogs.elcomercio.es\/fonendoscopio\/wp-json\/wp\/v2\/posts"}],"about":[{"href":"https:\/\/blogs.elcomercio.es\/fonendoscopio\/wp-json\/wp\/v2\/types\/post"}],"author":[{"embeddable":true,"href":"https:\/\/blogs.elcomercio.es\/fonendoscopio\/wp-json\/wp\/v2\/users\/22"}],"replies":[{"embeddable":true,"href":"https:\/\/blogs.elcomercio.es\/fonendoscopio\/wp-json\/wp\/v2\/comments?post=727"}],"version-history":[{"count":1,"href":"https:\/\/blogs.elcomercio.es\/fonendoscopio\/wp-json\/wp\/v2\/posts\/727\/revisions"}],"predecessor-version":[{"id":728,"href":"https:\/\/blogs.elcomercio.es\/fonendoscopio\/wp-json\/wp\/v2\/posts\/727\/revisions\/728"}],"wp:attachment":[{"href":"https:\/\/blogs.elcomercio.es\/fonendoscopio\/wp-json\/wp\/v2\/media?parent=727"}],"wp:term":[{"taxonomy":"category","embeddable":true,"href":"https:\/\/blogs.elcomercio.es\/fonendoscopio\/wp-json\/wp\/v2\/categories?post=727"},{"taxonomy":"post_tag","embeddable":true,"href":"https:\/\/blogs.elcomercio.es\/fonendoscopio\/wp-json\/wp\/v2\/tags?post=727"}],"curies":[{"name":"wp","href":"https:\/\/api.w.org\/{rel}","templated":true}]}}