{"id":729,"date":"2017-06-09T12:36:19","date_gmt":"2017-06-09T10:36:19","guid":{"rendered":"http:\/\/blogs.elcomercio.es\/fonendoscopio\/?p=729"},"modified":"2017-06-09T12:36:19","modified_gmt":"2017-06-09T10:36:19","slug":"la-epoc-seria-una-enfermedad-rara-sin-el-tabaco","status":"publish","type":"post","link":"https:\/\/blogs.elcomercio.es\/fonendoscopio\/2017\/06\/09\/la-epoc-seria-una-enfermedad-rara-sin-el-tabaco\/","title":{"rendered":"La EPOC ser\u00eda una enfermedad rara sin el tabaco"},"content":{"rendered":"<div class=\"item-introduction\">\u00a0La enfermedad pulmonar obstructiva cr\u00f3nica (EPOC) afecta al 9% de la poblaci\u00f3n de m\u00e1s de 40 a\u00f1os en Espa\u00f1a pero podr\u00eda ser una patolog\u00eda &#8220;rar\u00edsima&#8221; si no existiera el tabaquismo, ya que es responsable de hasta el 90% de los casos, seg\u00fan alerta la Sociedad Espa\u00f1ola de Neumolog\u00eda y Cirug\u00eda Tor\u00e1cica (SEPAR).<\/div>\n<div class=\"item-gen item-01\">\n<div class=\"description\">\n<p>Esta sociedad cient\u00edfica recuerda que el consumo de tabaco en Espa\u00f1a sigue siendo la primera causa de muerte evitable y deja un &#8220;reguero<a href=\"http:\/\/blogs-new.elcomercio.es\/fonendoscopio\/wp-content\/uploads\/sites\/22\/2017\/04\/tabaco.jpg\" rel=\"external nofollow\"><img loading=\"lazy\" class=\"size-medium wp-image-649 alignleft\" src=\"\/\/blogs-new.elcomercio.es\/fonendoscopio\/wp-content\/uploads\/sites\/22\/2017\/04\/tabaco-300x145.jpg\" alt=\"tabaco\" width=\"300\" height=\"145\" srcset=\"https:\/\/static-blogs.elcomercio.es\/wp-content\/uploads\/sites\/22\/2017\/04\/tabaco-300x145.jpg 300w, https:\/\/static-blogs.elcomercio.es\/wp-content\/uploads\/sites\/22\/2017\/04\/tabaco.jpg 322w\" sizes=\"(max-width: 300px) 100vw, 300px\" \/><\/a>&#8221; de 60.000 fallecimientos al a\u00f1o.<\/p>\n<p>El director del Programa de Investigaci\u00f3n de Tabaquismo de SEPAR, Carlos Jim\u00e9nez, ha reconocido que el tabaquismo &#8220;agrava las desigualdades sanitarias y la pobreza&#8221;, como demuestra que las tasas m\u00e1s altas de consumo se centran en las poblaciones m\u00e1s econ\u00f3micamente deprimidas, que &#8220;adem\u00e1s es el grupo social que dedica menos recursos a necesidades b\u00e1sicas como la alimentaci\u00f3n, la educaci\u00f3n y la atenci\u00f3n sanitaria&#8221;.<\/p>\n<p>De hecho, el lema para el D\u00eda Mundial de este a\u00f1o fue &#8216;El tabaco, una amenaza para el desarrollo, ya que aproximadamente el 80% de los m\u00e1s de mil millones de fumadores que hay en el mundo viven en pa\u00edses de ingresos bajos o medios, donde es mayor la carga de morbilidad y mortalidad asociada al tabaco.<\/p>\n<p>Los Programas de Control del Tabaquismo, que est\u00e1n incluidos en la Agenda para el Desarrollo Sostenible de Naciones Unidas, son una de las formas m\u00e1s eficaces conseguir el objetivo de reducir en un tercio en 2030 la mortalidad prematura por enfermedades no transmisibles en todo el mundo, incluidas las enfermedades cardiovasculares, el c\u00e1ncer y la EPOC (enfermedad pulmonar obstructiva cr\u00f3nica).<\/p>\n<p>&#8220;La clave para terminar con la epidemia del tabaco es combinar la ayuda m\u00e9dica a los fumadores para que dejen de serlo con unas pol\u00edticas p\u00fablicas m\u00e1s estrictas&#8221;, seg\u00fan Jim\u00e9nez, que recuerda que si los fumadores dejan de fumar &#8220;no solo mejorar\u00e1n su salud, sino tambi\u00e9n la de las personas no fumadoras expuestas al aire ambiental contaminado por humo de tabaco&#8221;.<\/p>\n<p>Adem\u00e1s del apoyo a los programas de deshabituaci\u00f3n tab\u00e1quica, las directrices de Naciones Unidas a trav\u00e9s de la Organizaci\u00f3n Mundial de la Salud (OMS) se centran en las advertencias textuales y gr\u00e1ficas impactantes; la prohibici\u00f3n de la publicidad, la promoci\u00f3n y el patrocinio del tabaco; y establecer impuestos m\u00e1s altos al producto.<\/p>\n<p>Sobre esto \u00faltimo, SEPAR asegura que aumentar un euro el impuesto sobre los cigarrillos permitir\u00eda recaudar a nivel mundial 190.000 millones m\u00e1s, lo que generar\u00eda ingresos fiscales para los gobiernos, reducir\u00eda la demanda de tabaco y ser\u00eda una fuente de ingresos importante para financiar la cobertura sanitaria universal y actividades de desarrollo.<\/p>\n<\/div>\n<\/div>\n<!-- AddThis Advanced Settings generic via filter on the_content --><!-- AddThis Share Buttons generic via filter on the_content -->","protected":false},"excerpt":{"rendered":"<p>\u00a0La enfermedad pulmonar obstructiva cr\u00f3nica (EPOC) afecta al 9% de la poblaci\u00f3n de m\u00e1s de 40 a\u00f1os en Espa\u00f1a pero podr\u00eda ser una patolog\u00eda &#8220;rar\u00edsima&#8221; si no existiera el tabaquismo, ya que es responsable de hasta el 90% de los casos, seg\u00fan alerta la Sociedad Espa\u00f1ola de Neumolog\u00eda y Cirug\u00eda Tor\u00e1cica (SEPAR). Esta sociedad cient\u00edfica [&hellip;]<!-- AddThis Advanced Settings generic via filter on get_the_excerpt --><!-- AddThis Share Buttons generic via filter on get_the_excerpt --><\/p>\n","protected":false},"author":22,"featured_media":0,"comment_status":"open","ping_status":"closed","sticky":false,"template":"","format":"standard","meta":[],"categories":[3],"tags":[234,405,550],"_links":{"self":[{"href":"https:\/\/blogs.elcomercio.es\/fonendoscopio\/wp-json\/wp\/v2\/posts\/729"}],"collection":[{"href":"https:\/\/blogs.elcomercio.es\/fonendoscopio\/wp-json\/wp\/v2\/posts"}],"about":[{"href":"https:\/\/blogs.elcomercio.es\/fonendoscopio\/wp-json\/wp\/v2\/types\/post"}],"author":[{"embeddable":true,"href":"https:\/\/blogs.elcomercio.es\/fonendoscopio\/wp-json\/wp\/v2\/users\/22"}],"replies":[{"embeddable":true,"href":"https:\/\/blogs.elcomercio.es\/fonendoscopio\/wp-json\/wp\/v2\/comments?post=729"}],"version-history":[{"count":1,"href":"https:\/\/blogs.elcomercio.es\/fonendoscopio\/wp-json\/wp\/v2\/posts\/729\/revisions"}],"predecessor-version":[{"id":730,"href":"https:\/\/blogs.elcomercio.es\/fonendoscopio\/wp-json\/wp\/v2\/posts\/729\/revisions\/730"}],"wp:attachment":[{"href":"https:\/\/blogs.elcomercio.es\/fonendoscopio\/wp-json\/wp\/v2\/media?parent=729"}],"wp:term":[{"taxonomy":"category","embeddable":true,"href":"https:\/\/blogs.elcomercio.es\/fonendoscopio\/wp-json\/wp\/v2\/categories?post=729"},{"taxonomy":"post_tag","embeddable":true,"href":"https:\/\/blogs.elcomercio.es\/fonendoscopio\/wp-json\/wp\/v2\/tags?post=729"}],"curies":[{"name":"wp","href":"https:\/\/api.w.org\/{rel}","templated":true}]}}