{"id":731,"date":"2017-06-09T13:12:38","date_gmt":"2017-06-09T11:12:38","guid":{"rendered":"http:\/\/blogs.elcomercio.es\/fonendoscopio\/?p=731"},"modified":"2017-06-09T13:12:38","modified_gmt":"2017-06-09T11:12:38","slug":"los-pacientes-de-mas-de-80-anos-pueden-presentar-mas-de-ocho-enfermedades-cronicas","status":"publish","type":"post","link":"https:\/\/blogs.elcomercio.es\/fonendoscopio\/2017\/06\/09\/los-pacientes-de-mas-de-80-anos-pueden-presentar-mas-de-ocho-enfermedades-cronicas\/","title":{"rendered":"Los pacientes de m\u00e1s de 80 a\u00f1os pueden presentar m\u00e1s de ocho enfermedades cr\u00f3nicas"},"content":{"rendered":"<div class=\"item-subtitle\"><\/div>\n<div class=\"item-gen item-01\">\n<div class=\"description\">\n<p>El concepto de &#8216;paciente pluripatol\u00f3gico&#8217; se usa para referirse a aquellas personas que sufren dos o m\u00e1s enfermedades cr\u00f3nicas de varias \u00e1reas cl\u00ednicas, un t\u00e9rmino que engloba principalmente a personas mayores, ya que aquellas de m\u00e1s de 80 a\u00f1<a href=\"http:\/\/blogs-new.elcomercio.es\/fonendoscopio\/wp-content\/uploads\/sites\/22\/2017\/06\/mayores.jpg\" rel=\"external nofollow\"><img loading=\"lazy\" class=\"size-full wp-image-732 alignleft\" src=\"\/\/blogs-new.elcomercio.es\/fonendoscopio\/wp-content\/uploads\/sites\/22\/2017\/06\/mayores.jpg\" alt=\"mayores\" width=\"299\" height=\"168\" \/><\/a>os pueden presentar m\u00e1s de ocho enfermedades cr\u00f3nicas, tal y como se ha evidenciado en la IX Reuni\u00f3n del Grupo de Paciente Pluripatol\u00f3gico y Edad Avanzada de la Sociedad Espa\u00f1ola de Medicina Interna (SEMI).<\/p>\n<p>&#8220;En general, son personas de edad avanzada, con varias enfermedades, polimedicados, con dependencia funcional y que requieren una valoraci\u00f3n integral desde una perspectiva socio-sanitaria&#8221;, y principalmente se debe al aumento de la esperanza de vida mundial en los \u00faltimos a\u00f1os y a la concurrencia de enfermedades, ha explicado el coordinador del Grupo de la SEMI, Alberto Ruiz Cantero.<\/p>\n<p>As\u00ed, las personas con insuficiencia cardiaca, ictus, diabetes y demencia que presentan m\u00e1s de tres enfermedades cr\u00f3nicas suponen el 74%, 62%, 47% y 64% de los pacientes, respectivamente; y por el contrario, estas patolog\u00edas solo se presentan como enfermedades \u00fanicas en muy pocos casos: insuficiencia cardiaca (3%), demencia (5%), ictus (6%), fibrilaci\u00f3n auricular (7%), cardiopat\u00eda isqu\u00e9mica (9%), diabetes (14%) o EPOC (18%), seg\u00fan un estudio de la Organizaci\u00f3n para la Cooperaci\u00f3n y el Desarrollo Econ\u00f3mico (OCDE).<\/p>\n<p>En este sentido, el m\u00e9dico internista es el profesional que ofrece una atenci\u00f3n integral a estos pacientes con m\u00faltiples enfermedades cr\u00f3nicas, ya que &#8220;en base, fundamentalmente, a su situaci\u00f3n cl\u00ednica, prestamos asistencia tanto desde la perspectiva cl\u00ednica, como biopsicosocial&#8221;, ha subrayado el Dr. Ruiz.<\/p>\n<p>Para mejorar la asistencia de los pacientes cr\u00f3nicos y pluripatol\u00f3gicos, organismos como la Organizaci\u00f3n Mundial de la Salud (OMS) y la OCDE aconsejan la implantaci\u00f3n de estrategias para abordar la cronicidad y la pluripatolog\u00eda, pues permiten una serie de ventajas como &#8220;detectar o cambiar la medicaci\u00f3n, incluir otras medidas terap\u00e9uticas e higi\u00e9nico-sanitarias, priorizar unas consultas sobre otras para evitar as\u00ed descompensaciones o agudizaciones&#8221;, seg\u00fan el especialista.<\/p>\n<p>A nivel estatal existe el &#8216;Documento Marco para la Mejora del abordaje del dolor en el SNS&#8217;, del Ministerio de Sanidad, que se incluye dentro de la &#8216;Estrategia para el abordaje de la Cronicidad en el SNS&#8217;; y a nivel auton\u00f3mico se han realizado documentos que afrontan esta situaci\u00f3n, como por ejemplo el &#8216;Plan de Acci\u00f3n Personalizado&#8217; de Andaluc\u00eda.<\/p>\n<p>Teniendo en cuenta todas las enfermedades mencionadas anteriormente, la diabetes destaca de manera &#8220;especial&#8221;, como refleja el estudio PROFUND, realizado en el marco del Grupo del Paciente Pluripatol\u00f3gico y Edad Avanzada de la SEMI, y seg\u00fan el cual, bas\u00e1ndose en las caracter\u00edsticas cl\u00ednicas, biol\u00f3gicas y funcio<a href=\"http:\/\/blogs-new.elcomercio.es\/fonendoscopio\/wp-content\/uploads\/sites\/22\/2017\/06\/mayore1.jpg\" rel=\"external nofollow\"><img loading=\"lazy\" class=\"size-medium wp-image-733 alignright\" src=\"\/\/blogs-new.elcomercio.es\/fonendoscopio\/wp-content\/uploads\/sites\/22\/2017\/06\/mayore1-300x164.jpg\" alt=\"mayore1\" width=\"300\" height=\"164\" srcset=\"https:\/\/static-blogs.elcomercio.es\/wp-content\/uploads\/sites\/22\/2017\/06\/mayore1-300x164.jpg 300w, https:\/\/static-blogs.elcomercio.es\/wp-content\/uploads\/sites\/22\/2017\/06\/mayore1.jpg 304w\" sizes=\"(max-width: 300px) 100vw, 300px\" \/><\/a>nales de los pacientes pluripatol\u00f3gicos, un 29,3% de ellos presentaba diabetes.<\/p>\n<p>&#8220;Seg\u00fan este estudio, presentaban diabetes un 46% de pacientes con enfermedades cardiacas, un 40% de pacientes con enfermedades cr\u00f3nicas, un 47% con enfermedades neurol\u00f3gicas, un 40% de personas con enfermedad renal cr\u00f3nica, y un 43% en otras categor\u00edas cl\u00ednicas; lo que da muestra de que la diabetes est\u00e1 muy presente entre los pacientes pluripatol\u00f3gicos&#8221;, ha concluido el Dr. Ruiz.<\/p>\n<\/div>\n<\/div>\n<!-- AddThis Advanced Settings generic via filter on the_content --><!-- AddThis Share Buttons generic via filter on the_content -->","protected":false},"excerpt":{"rendered":"<p>El concepto de &#8216;paciente pluripatol\u00f3gico&#8217; se usa para referirse a aquellas personas que sufren dos o m\u00e1s enfermedades cr\u00f3nicas de varias \u00e1reas cl\u00ednicas, un t\u00e9rmino que engloba principalmente a personas mayores, ya que aquellas de m\u00e1s de 80 a\u00f1os pueden presentar m\u00e1s de ocho enfermedades cr\u00f3nicas, tal y como se ha evidenciado en la IX [&hellip;]<!-- AddThis Advanced Settings generic via filter on get_the_excerpt --><!-- AddThis Share Buttons generic via filter on get_the_excerpt --><\/p>\n","protected":false},"author":22,"featured_media":0,"comment_status":"open","ping_status":"closed","sticky":false,"template":"","format":"standard","meta":[],"categories":[3,4],"tags":[225,660,373,661],"_links":{"self":[{"href":"https:\/\/blogs.elcomercio.es\/fonendoscopio\/wp-json\/wp\/v2\/posts\/731"}],"collection":[{"href":"https:\/\/blogs.elcomercio.es\/fonendoscopio\/wp-json\/wp\/v2\/posts"}],"about":[{"href":"https:\/\/blogs.elcomercio.es\/fonendoscopio\/wp-json\/wp\/v2\/types\/post"}],"author":[{"embeddable":true,"href":"https:\/\/blogs.elcomercio.es\/fonendoscopio\/wp-json\/wp\/v2\/users\/22"}],"replies":[{"embeddable":true,"href":"https:\/\/blogs.elcomercio.es\/fonendoscopio\/wp-json\/wp\/v2\/comments?post=731"}],"version-history":[{"count":1,"href":"https:\/\/blogs.elcomercio.es\/fonendoscopio\/wp-json\/wp\/v2\/posts\/731\/revisions"}],"predecessor-version":[{"id":734,"href":"https:\/\/blogs.elcomercio.es\/fonendoscopio\/wp-json\/wp\/v2\/posts\/731\/revisions\/734"}],"wp:attachment":[{"href":"https:\/\/blogs.elcomercio.es\/fonendoscopio\/wp-json\/wp\/v2\/media?parent=731"}],"wp:term":[{"taxonomy":"category","embeddable":true,"href":"https:\/\/blogs.elcomercio.es\/fonendoscopio\/wp-json\/wp\/v2\/categories?post=731"},{"taxonomy":"post_tag","embeddable":true,"href":"https:\/\/blogs.elcomercio.es\/fonendoscopio\/wp-json\/wp\/v2\/tags?post=731"}],"curies":[{"name":"wp","href":"https:\/\/api.w.org\/{rel}","templated":true}]}}