{"id":1317,"date":"2021-08-03T21:47:38","date_gmt":"2021-08-03T19:47:38","guid":{"rendered":"https:\/\/blogs.elcomercio.es\/hispadata\/?p=1317"},"modified":"2021-08-03T21:47:52","modified_gmt":"2021-08-03T19:47:52","slug":"abuelos-estresados-2","status":"publish","type":"post","link":"https:\/\/blogs.elcomercio.es\/hispadata\/2021\/08\/03\/abuelos-estresados-2\/","title":{"rendered":"ABUELOS ESTRESADOS"},"content":{"rendered":"<p style=\"text-align: justify;\"><span style=\"font-family: 'Arial',sans-serif;\">Probablemente, muchos abuelos jubilados como yo, se sentir\u00e1n identificados conmigo y por eso me animo a escribir algo a \u00faltima hora del d\u00eda, que es cuando me queda un poco de tiempo libre para darle a la tecla, aun cuando estoy en periodo de vacaciones y es cuando dicen que la gente tiene tiempo libre para dedicarse a descansar y relajarse.<\/span><\/p>\n<p style=\"text-align: justify;\"><span style=\"font-family: 'Arial',sans-serif;\">En mi larga vida profesional como directivo de una empresa multinacional, viv\u00ed muchos procesos de cambio, ocup\u00e9 difererentes puestos de trabajo , realice diferentes funciones, particip\u00e9 en seminarios y sesiones de formaci\u00f3n para facilitar todos los cambios que era necesario realizar, trabaj\u00e9 muchas horas, pero nunca senti estres, excepto esos primeros d\u00edas de trabajo tras las vacaciones, a los que ahora los psic\u00f3logos dicen se llama estr\u00e9s postvacacional.<\/span><\/p>\n<p style=\"text-align: justify;\"><span style=\"font-family: 'Arial',sans-serif;\">Como en esta nueva situaci\u00f3n de jubilado, te\u00f3ricamente tienes vacaciones todo el a\u00f1o, tus hijos, que ahora ejercen de gerentes en esta empresa familiar, y por tanto tu ya no mandas nada, te dicen: Pap\u00e1 como los ni\u00f1os en Julio ya no tienen colegio y en Madrid hace un calor horrible, os los vamos a llevar para que en Tapia disfrut\u00e9is en la playa con ellos. Y s\u00fabitamente, un d\u00eda te encuentras en casa con cinco ni\u00f1os. Y ala, te pillan sin papel higi\u00e9nico, sin entrenamiento previo y sin tiempo para adaptarte. Caramba, esto s\u00ed que es adaptaci\u00f3n al cambio, pero a toda velocidad y sin tiempo para la preparaci\u00f3n previa. Nunca me imagin\u00e9 una adaptaci\u00f3n tan radical al cambio y en tan poco tiempo.<\/span><\/p>\n<p style=\"text-align: justify;\"><span style=\"font-family: 'Arial',sans-serif;\">Hoy, un mes despu\u00e9s de iniciar ese proceso de adaptaci\u00f3n al nuevo &#8220;entorno de abuelo en vacaciones&#8221;, ya estoy en condiciones de relatar los logros que he alcanzado.<\/span><\/p>\n<p style=\"text-align: justify;\"><span style=\"font-family: 'Arial',sans-serif;\">Me he hecho corredor de bolsa y analista de mercados. S\u00ed, s\u00ed, como lo cuento. Corro todas las ma\u00f1anas con las bolsas del supermercado, de la panader\u00eda, de la farmacia, de la pescader\u00eda y de la fruter\u00eda. Y si se trata de an\u00e1lisis de mercados, que me cuenten a mi cuanto cuestan los dodotis, los calabacines para el pur\u00e9, los quesitos, las gelatinas o las chanclas del mercadillo para ir a la playa, que no s\u00e9 por qu\u00e9, mis nietos o yo, las perdemos todos los d\u00edas.<\/span><\/p>\n<p style=\"text-align: justify;\"><span style=\"font-family: 'Arial',sans-serif;\">Me he hecho un experto corredor de fondo, corriendo como un loco detr\u00e1s del trotacaminos, que ni tan siquiera ha cumplido tres a\u00f1os, pero que atraviesa la playa de un lado a otro sin parar. Bueno y qu\u00e9 decir cuando pretendes tomarte una cerveza tranquilamente, y de pronto tienes que salir corriendo para pararlo antes de que se caiga por el muelle del puerto. Derivado de mi experiencia paseando a mi coker, me he planteado buscar un arn\u00e9s y una correa extensible para pon\u00e9rsela al trotacaminos, reconvertido a veces en escalador de rocas. Con ello lo tendr\u00eda controlado y evitar\u00eda que se me escapara de modo inopinado. Pero caramba, se me ocurri\u00f3 compartir esta soluci\u00f3n con un amigo y me dijo: pero tu est\u00e1s loco. No ves que la gente te va a criticar y decir que eres un maltratador de ni\u00f1os al atarlo como un perro. Uffs, visto as\u00ed, no tengo mas remedio que renunciar a esta soluci\u00f3n que para mi es pr\u00e1ctica y sobre todo segura. Si tengo que ponerle todo tipo de arneses de especial seguridad cuando lo meto en el sill\u00f3n del coche, por qu\u00e9 no voy a utilizar un arn\u00e9s cuando lo llevo por la calle. Yo a esto tambi\u00e9n le llamo seguridad.<\/span><\/p>\n<p style=\"text-align: justify;\"><span style=\"font-family: 'Arial',sans-serif;\">Me he hecho un experto corredor de bici con paquete. El paquete es una silla enorme que pesa un mont\u00f3n, en la que va sentado ese paquete que aun pesa mas y que va cantando como un poseso cuando pedaleas, pero que berra como un loco cuando te detienes para coger resuello o para bajarlo de la bicicleta. Me he hecho un recogedor de residuos org\u00e1nicos casi tan bueno como los de Cogersa. Y caramba c\u00f3mo cagan estos guajes. Adem\u00e1s, caramba, parece que se ponen de acuerdo para cagar y mear todos a la vez.<\/span><\/p>\n<p style=\"text-align: justify;\"><span style=\"font-family: 'Arial',sans-serif;\">Me he hecho un experto porteador, montador y desmontador de toda clase de sillas, aparatajes y artilugios de playa. Bueno, excepto una de esas minitiendas de campa\u00f1a para beb\u00e9s de Ikea que se despliegan s\u00f3lo con una mano, pero que, pese a las instrucciones tan f\u00e1ciles, fui incapaz de volver a plegar. Tanto es as\u00ed que como soluci\u00f3n decid\u00ed dejarla tirada al lado de una papelera para ver si alguien lo consegu\u00eda.<\/span><\/p>\n<p style=\"text-align: justify;\"><span style=\"font-family: 'Arial',sans-serif;\">Pese a mis achaques de artrosis, ando todo el d\u00eda a cuatro patas, haciendo de caballo con jinetes encima, haciendo obras de ingenier\u00eda hidraulica en la orilla del agua, haciendo todo tipo de gansadas para que los nenes se entretengan y coman bien. Y no sigo para no cansar a ning\u00fan abuelo que seguro que lo sabe tan bi\u00e9n como yo.<\/span><\/p>\n<p style=\"text-align: justify;\"><span style=\"font-family: 'Arial',sans-serif;\">Eso si, he de decir algo: No es cierto que los abuelos tengamos la facultad de maleducar a los nietos dejando que sean los padres los que los eduquen. Eso no vale. Ahora tus hijos te dan un amplio manual de instrucciones, donde se te explica que has de cumplir unos horarios de comidas, cenas y de acostarse, que has de cumplir unos procedimientos y que han de respetarse las normas porque los actuales pediatras y los educadores de la guarde, de esto saben un mont\u00f3n y a los ni\u00f1os no se les pueden romper las pautas habituales, porque esto perjudica su desarrollo.<\/span><\/p>\n<p style=\"text-align: justify;\"><span style=\"font-family: 'Arial',sans-serif;\">Uf, estoy confundido. Caramba si antes que abuelo yo tambi\u00e9n fui padre y en vacaciones las pautas habituales dejaban de cumplirse y no pasaba nada. Que yo sepa estas peque\u00f1as licencias veraniegas no perjudicaron para nada el desarrollo de mis hijos. O dir\u00eda que, muy al contrario, los curt\u00edan para el futuro. Y sin tantos artilugios como los modernos, tambi\u00e9n subsistieron sin dificultades.<\/span><\/p>\n<p style=\"text-align: justify;\"><span style=\"font-family: 'Arial',sans-serif;\">En fin, qu\u00e9 dura es la profesi\u00f3n de abuelo. me voy a la cama que estoy agotado de un d\u00eda tan intenso, y he de dormir lo mas posible, al margen de alguna interrupci\u00f3n nocturna por alg\u00fan que otro lloro. Ma\u00f1ana igual toca madrugar otra vez y adem\u00e1s<br \/>\nvolver\u00e1 a ser un d\u00eda probablemente muy duro. \u00a1\u00a1qu\u00e9 bien se estaba cuando uno no era jubilado!! Cuando trabajaba, en Septiembre se dec\u00eda que mucha gente sufr\u00eda estr\u00e9s postvacacional. Pues yo ahora, en Septiembre, cuando finalicen las vacaciones, empezar\u00e9 a desestresarme. El mundo al rev\u00e9s.<\/span><\/p>\n<!-- AddThis Advanced Settings generic via filter on the_content --><!-- AddThis Share Buttons generic via filter on the_content -->","protected":false},"excerpt":{"rendered":"<p>Probablemente, muchos abuelos jubilados como yo, se sentir\u00e1n identificados conmigo y por eso me animo a escribir algo a \u00faltima hora del d\u00eda, que es cuando me queda un poco de tiempo libre para darle a la tecla, aun cuando estoy en periodo de vacaciones y es cuando dicen que la gente tiene tiempo libre [&hellip;]<!-- AddThis Advanced Settings generic via filter on get_the_excerpt --><!-- AddThis Share Buttons generic via filter on get_the_excerpt --><\/p>\n","protected":false},"author":17,"featured_media":0,"comment_status":"open","ping_status":"closed","sticky":false,"template":"","format":"standard","meta":[],"categories":[15],"tags":[],"_links":{"self":[{"href":"https:\/\/blogs.elcomercio.es\/hispadata\/wp-json\/wp\/v2\/posts\/1317"}],"collection":[{"href":"https:\/\/blogs.elcomercio.es\/hispadata\/wp-json\/wp\/v2\/posts"}],"about":[{"href":"https:\/\/blogs.elcomercio.es\/hispadata\/wp-json\/wp\/v2\/types\/post"}],"author":[{"embeddable":true,"href":"https:\/\/blogs.elcomercio.es\/hispadata\/wp-json\/wp\/v2\/users\/17"}],"replies":[{"embeddable":true,"href":"https:\/\/blogs.elcomercio.es\/hispadata\/wp-json\/wp\/v2\/comments?post=1317"}],"version-history":[{"count":1,"href":"https:\/\/blogs.elcomercio.es\/hispadata\/wp-json\/wp\/v2\/posts\/1317\/revisions"}],"predecessor-version":[{"id":1318,"href":"https:\/\/blogs.elcomercio.es\/hispadata\/wp-json\/wp\/v2\/posts\/1317\/revisions\/1318"}],"wp:attachment":[{"href":"https:\/\/blogs.elcomercio.es\/hispadata\/wp-json\/wp\/v2\/media?parent=1317"}],"wp:term":[{"taxonomy":"category","embeddable":true,"href":"https:\/\/blogs.elcomercio.es\/hispadata\/wp-json\/wp\/v2\/categories?post=1317"},{"taxonomy":"post_tag","embeddable":true,"href":"https:\/\/blogs.elcomercio.es\/hispadata\/wp-json\/wp\/v2\/tags?post=1317"}],"curies":[{"name":"wp","href":"https:\/\/api.w.org\/{rel}","templated":true}]}}