{"id":1326,"date":"2021-08-19T09:27:55","date_gmt":"2021-08-19T07:27:55","guid":{"rendered":"https:\/\/blogs.elcomercio.es\/hispadata\/?p=1326"},"modified":"2021-08-19T09:27:55","modified_gmt":"2021-08-19T07:27:55","slug":"menos-gobierno-y-mas-libertad","status":"publish","type":"post","link":"https:\/\/blogs.elcomercio.es\/hispadata\/2021\/08\/19\/menos-gobierno-y-mas-libertad\/","title":{"rendered":"MENOS GOBIERNO Y MAS LIBERTAD"},"content":{"rendered":"<p>Tras lo que estamos viviendo en estos \u00faltimos tiempos, es evidente que los pol\u00edticos han perdido el respeto a los ciudadanos, desde el momento en que s\u00f3lo se preocupan de sus intereses personales y de partido. Poco a poco y paso a paso, van socavando nuestro estado de derecho, para someternos al derecho del estado que est\u00e1n creando, o lo que es lo mismo agrandando el estado y reduciendo los derechos de los ciudadanos de a pie, que quedamos sometidos a sus veleidades, limitando nuestros movimientos, nuestro derecho a protestar y en definitiva nuestros derechos y libertades, reconocidas en nuestra Carta Magna.<\/p>\n<p>Utilizando el miedo generado por la pandemia, intentan dominarnos y empobrecernos tanto econ\u00f3mica como culturalmente, eliminando nuestro derecho a la libertad de expresi\u00f3n, eliminando nuestro derecho a la cr\u00edtica positiva, haciendo que, mediante el control que ejercen sobre los medios de comunicaci\u00f3n, s\u00f3lo oigamos y veamos lo que ellos quieren. Intentan eliminar en definitiva nuestro derecho a la libertad de informaci\u00f3n y opini\u00f3n,<\/p>\n<p>Con un gobierno mastod\u00f3ntico y con un d\u00e9ficit p\u00fablico brutal, que d\u00eda a d\u00eda sigue creciendo, est\u00e1n quitando a los ciudadanos todo aquello que, durante muchos a\u00f1os de trabajo, fuimos consiguiendo con mucho esfuerzo y tes\u00f3n. Nos quieren limitar las pensiones, tras haber dejado vac\u00eda la llamada hucha y sin que, unos por otros, hagan nada para hacer que el sistema sea sostenible. Tenemos un recibo de la luz totalmente descontrolado, el precio de los carburantes creciendo cada d\u00eda, aunque el precio del petr\u00f3leo siga hacia abajo, el precio de los servicios p\u00fablicos cada vez mayor, etc.etc.<\/p>\n<p>Buscan que seamos como corderitos cerrados en un corral, que s\u00f3lo esperemos a recibir las migajas que caigan de sus mesas, en vez de tratarnos como ciudadanos inteligentes que sabemos pensar y razonar. Cada vez que salen a la palestra, no hacen m\u00e1s que llenarse la boca con mensajes de autobombo y platillo, diciendo que no van a dejar a ning\u00fan ciudadano atr\u00e1s, que todos vamos a tener un salario m\u00ednimo, que todos vamos a tener un salario social, pero, tristemente, la realidad es muy diferente.<\/p>\n<p>Yo ya no tengo ninguna duda que los mayores enemigos de los ciudadanos libres, son esas organizaciones endog\u00e1micas en que se han transformado los partidos pol\u00edticos, que, de modo manifiesto, s\u00f3lo pretenden alcanzar sus \u00fanicos intereses partidistas, creando adem\u00e1s puertas giratorias para que toda esa politocracia tenga garantizados unos buenos ingresos econ\u00f3micos cuando abandonen la pol\u00edtica, si es que alguna vez deciden abandonarla.<\/p>\n<p>Ya es hora de que los ciudadanos empecemos a levantar la voz para protestar y exigir que se gobierne para nosotros y no para las castas pol\u00edticas. Ya es hora de empezar a gritar para eliminar de modo significativo el n\u00famero de pol\u00edticos, ya que no es de recibo que tengamos un m\u00e9dico por cada mil habitantes y en sentido contrato un pol\u00edtico por cada 115 habitantes. Es intolerable que tengamos el Gobierno mas grande de la Uni\u00f3n Europea y que a la vez esperemos que Europa nos rescate con sus fondos.<\/p>\n<p>Tenemos que exigir medidas que terminen con esos pol\u00edticos intocables e inviolables que son los aforados, para que, de ese modo, de verdad todos los ciudadanos seamos iguales ante la ley. Tenemos que exigir medidas que permitan que los pol\u00edticos corruptos ingresen en prisi\u00f3n, a la misma velocidad que cualquier delincuente, para evitar la prescripci\u00f3n de los delitos, como ahora ocurre muchas veces y eso s\u00ed, devolviendo a las arcas p\u00fablicas todo lo robado,<\/p>\n<p>Tenemos que exigir que se reduzcan las estructuras de esos diecisiete mini estados que son las Comunidades Aut\u00f3nomas, ya que mientras esas estructuras engordan, los ciudadanos quedamos cada vez m\u00e1s enflaquecidos. Menos cargos de confianza, menos diputados auton\u00f3micos y m\u00e1s profesionalizaci\u00f3n de los funcionarios para que estas mastod\u00f3nticas administraciones sean m\u00e1s eficientes y eficaces.<\/p>\n<p>Teniendo como tenemos una televisi\u00f3n p\u00fablica nacional, hemos de exigir que esas televisiones auton\u00f3micas, que gastan muchos miles de millones y que s\u00f3lo sirven para blanquear a los pol\u00edticos de turno, sean privatizadas, si es que se quieren mantener.<\/p>\n<p>Tenemos que exigir que se eliminen todo ese entramado de chiringuitos pol\u00edticos y que toda la gesti\u00f3n de los dineros p\u00fablicos sea sometida a las necesarias auditor\u00edas, como se hace en las empresas privadas. Tenemos que exigir que partidos pol\u00edticos y sindicatos, se financien con sus propios medios y no con dinero p\u00fablico.<\/p>\n<p>Al igual que no se subvenciona a un bar a una tienda, porque no les entre gente, no podemos seguir subvencionando una industria cinematogr\u00e1fica que hace cine (en algunos casos basura). Que esta industria compita libremente en el mercado como lo hacen todas las empresas.<\/p>\n<p>Seguro que, con todas estas medidas, reducir\u00edamos en gran medida nuestro mastod\u00f3ntico d\u00e9ficit p\u00fablico y saldr\u00edamos de esa crisis permanente que sufren los trabajadores, los aut\u00f3nomos y las peque\u00f1as empresas de nuestro pa\u00eds. No s\u00e9 si es por el tiempo, pero hoy estoy enfadado.<\/p>\n<!-- AddThis Advanced Settings generic via filter on the_content --><!-- AddThis Share Buttons generic via filter on the_content -->","protected":false},"excerpt":{"rendered":"<p>Tras lo que estamos viviendo en estos \u00faltimos tiempos, es evidente que los pol\u00edticos han perdido el respeto a los ciudadanos, desde el momento en que s\u00f3lo se preocupan de sus intereses personales y de partido. Poco a poco y paso a paso, van socavando nuestro estado de derecho, para someternos al derecho del estado [&hellip;]<!-- AddThis Advanced Settings generic via filter on get_the_excerpt --><!-- AddThis Share Buttons generic via filter on get_the_excerpt --><\/p>\n","protected":false},"author":17,"featured_media":0,"comment_status":"open","ping_status":"closed","sticky":false,"template":"","format":"standard","meta":[],"categories":[9],"tags":[],"_links":{"self":[{"href":"https:\/\/blogs.elcomercio.es\/hispadata\/wp-json\/wp\/v2\/posts\/1326"}],"collection":[{"href":"https:\/\/blogs.elcomercio.es\/hispadata\/wp-json\/wp\/v2\/posts"}],"about":[{"href":"https:\/\/blogs.elcomercio.es\/hispadata\/wp-json\/wp\/v2\/types\/post"}],"author":[{"embeddable":true,"href":"https:\/\/blogs.elcomercio.es\/hispadata\/wp-json\/wp\/v2\/users\/17"}],"replies":[{"embeddable":true,"href":"https:\/\/blogs.elcomercio.es\/hispadata\/wp-json\/wp\/v2\/comments?post=1326"}],"version-history":[{"count":1,"href":"https:\/\/blogs.elcomercio.es\/hispadata\/wp-json\/wp\/v2\/posts\/1326\/revisions"}],"predecessor-version":[{"id":1327,"href":"https:\/\/blogs.elcomercio.es\/hispadata\/wp-json\/wp\/v2\/posts\/1326\/revisions\/1327"}],"wp:attachment":[{"href":"https:\/\/blogs.elcomercio.es\/hispadata\/wp-json\/wp\/v2\/media?parent=1326"}],"wp:term":[{"taxonomy":"category","embeddable":true,"href":"https:\/\/blogs.elcomercio.es\/hispadata\/wp-json\/wp\/v2\/categories?post=1326"},{"taxonomy":"post_tag","embeddable":true,"href":"https:\/\/blogs.elcomercio.es\/hispadata\/wp-json\/wp\/v2\/tags?post=1326"}],"curies":[{"name":"wp","href":"https:\/\/api.w.org\/{rel}","templated":true}]}}