{"id":1329,"date":"2021-08-28T09:37:54","date_gmt":"2021-08-28T07:37:54","guid":{"rendered":"https:\/\/blogs.elcomercio.es\/hispadata\/?p=1329"},"modified":"2021-08-28T09:37:54","modified_gmt":"2021-08-28T07:37:54","slug":"tauromaquia","status":"publish","type":"post","link":"https:\/\/blogs.elcomercio.es\/hispadata\/2021\/08\/28\/tauromaquia\/","title":{"rendered":"TAUROMAQUIA"},"content":{"rendered":"<p>Va por delante que yo no soy aficionado a los toros, que no me gusta la llamada fiesta taurina, por la forma en que se hace sufrir a las reses y que s\u00f3lo una vez, hace muchos a\u00f1os, estuve en la plaza de toros de Las Ventas, presenciando una corrida y digo esto porque, muy probablemente, por lo que voy a escribir, seguro ser\u00e9 objeto de cr\u00edtica por parte de alg\u00fan antitaurino.<\/p>\n<p>En este momento, en nuestro pa\u00eds tenemos vigente la Ley 18\/2013 que regula la Tauromaquia como patrimonio cultural digno de protecci\u00f3n en todo el territorio espa\u00f1ol, estableciendo el deber de protecci\u00f3n y conservaci\u00f3n, as\u00ed como el principio de participaci\u00f3n y colaboraci\u00f3n de todas las Administraciones p\u00fablicas.<\/p>\n<p>De modo concreto, el art\u00edculo 1\u00ba define la tauromaquia como el conjunto de conocimientos y actividades art\u00edsticas, creativas y productivas, incluyendo la crianza y selecci\u00f3n del toro de lidia para promover el arte de lidiar y para celebrar corridas de toros, como expresi\u00f3n relevante de la cultura tradicional del pueblo espa\u00f1ol. Contin\u00faa el art\u00edculo 2\u00ba diciendo que la Tauromaquia es un patrimonio cultural espa\u00f1ol y que ha de ser protegido en todo el territorio nacional, de acuerdo con la normativa aplicable y los tratados internacionales sobre la materia.<\/p>\n<p>En esta misma l\u00ednea nuestro Tribunal Constitucional, en la sentencia 177\/2016, se\u00f1ala que la preservaci\u00f3n de la Tauromaquia como patrimonio cultural, supone la imposici\u00f3n del deber a los poderes p\u00fablicos, de garantizar su conservaci\u00f3n y promover su enriquecimiento, de acuerdo con lo previsto en el art\u00edculo 46 de nuestra Constituci\u00f3n, a trav\u00e9s de medidas espec\u00edficas para la salvaguardia del Patrimonio Cultural Inmaterial.<\/p>\n<p>Aun con esta normativa legal, soy consciente de que un sector de nuestra sociedad siente indiferencia e incluso rechazo a las corridas de todos, sin menoscabo de la salvaguarda que incumbe a todos los poderes p\u00fablicos, en el \u00e1mbito de sus competencias. De modo concreto, como estamos leyendo en el diario El Comercio, as\u00ed como en la prensa nacional e incluso internacional, la Alcaldesa de Gij\u00f3n decidi\u00f3 poner fin a las corridas de toros en el Bibio, acelerando la decisi\u00f3n que pensaba tomar el pr\u00f3ximo a\u00f1o, bajo el pretexto de que se iban a lidiar dos toros llamados \u201cFeminista\u201d y \u201cNigeriano, argumentando para ello que el nombre de los toros atacaba a la igualdad entre hombres y mujeres\u00a0 e igualmente que viviendo como vivimos en una sociedad que cree en la integraci\u00f3n y en las puertas abiertas a todo el mundo, este tipo de cosas no se pueden permitir.<\/p>\n<p>Yo dir\u00eda a la alcaldesa que esta decisi\u00f3n, jur\u00eddicamente hablando, no tiene ning\u00fan sustento legal, que se trata de una decisi\u00f3n arbitraria y que, yendo m\u00e1s all\u00e1, podr\u00eda incardinarse en un supuesto de desviaci\u00f3n de poder o, en el peor de los casos, incluso podr\u00eda constituir un presunto delito de prevaricaci\u00f3n, entendiendo por tal, el que comete una autoridad, cuando dicta una resoluci\u00f3n a sabiendas de que es injusta.<\/p>\n<p>Con esta decisi\u00f3n ha hecho caso omiso a la legislaci\u00f3n vigente, as\u00ed como a la sentencia del Tribunal Constitucional y respecto a los nombres de los toros, ha pasado por alto, que los toros de lidia por Normativa de raza, para la inscripci\u00f3n de los nacimientos en el Libro Geneal\u00f3gico, los machos adquieren el nombre de la madre, para de este modo, conservar la trazabilidad geneal\u00f3gica.<\/p>\n<p>Olvida tambi\u00e9n que El Bibio es un Bien de Inter\u00e9s Cultural y que, como consecuencia, en el pueden realizarse tanto corridas de todos como otros espect\u00e1culos por ejemplo musicales.<\/p>\n<p>Lo que est\u00e1 mas que claro es que si a alguien no le gustan los toros y quiere eliminar las corridas, lo que ha de hacer es provocar que pol\u00edticos de turno se muevan y propongan en el Parlamento el necesario cambio legislativo. Esto es lo verdaderamente constitucional y democr\u00e1tico. \u00a0Y si a la alcaldesa no le gustan los toros, lisa y llanamente, en vez de haber tomado una decisi\u00f3n no ajustada a derecho, en su condici\u00f3n de pol\u00edtica en activo, deber\u00eda de haber propuesto en su partido, la modificaci\u00f3n de la legislaci\u00f3n vigente.<\/p>\n<p>Decisiones como esta corroboran que, en vez de vivir en un Estado de Derecho, lamentablemente nuestros gobernantes recurren al Derecho del Estado, que no es lo mismo.<\/p>\n<!-- AddThis Advanced Settings generic via filter on the_content --><!-- AddThis Share Buttons generic via filter on the_content -->","protected":false},"excerpt":{"rendered":"<p>Va por delante que yo no soy aficionado a los toros, que no me gusta la llamada fiesta taurina, por la forma en que se hace sufrir a las reses y que s\u00f3lo una vez, hace muchos a\u00f1os, estuve en la plaza de toros de Las Ventas, presenciando una corrida y digo esto porque, muy [&hellip;]<!-- AddThis Advanced Settings generic via filter on get_the_excerpt --><!-- AddThis Share Buttons generic via filter on get_the_excerpt --><\/p>\n","protected":false},"author":17,"featured_media":0,"comment_status":"open","ping_status":"closed","sticky":false,"template":"","format":"standard","meta":[],"categories":[3,9],"tags":[],"_links":{"self":[{"href":"https:\/\/blogs.elcomercio.es\/hispadata\/wp-json\/wp\/v2\/posts\/1329"}],"collection":[{"href":"https:\/\/blogs.elcomercio.es\/hispadata\/wp-json\/wp\/v2\/posts"}],"about":[{"href":"https:\/\/blogs.elcomercio.es\/hispadata\/wp-json\/wp\/v2\/types\/post"}],"author":[{"embeddable":true,"href":"https:\/\/blogs.elcomercio.es\/hispadata\/wp-json\/wp\/v2\/users\/17"}],"replies":[{"embeddable":true,"href":"https:\/\/blogs.elcomercio.es\/hispadata\/wp-json\/wp\/v2\/comments?post=1329"}],"version-history":[{"count":1,"href":"https:\/\/blogs.elcomercio.es\/hispadata\/wp-json\/wp\/v2\/posts\/1329\/revisions"}],"predecessor-version":[{"id":1330,"href":"https:\/\/blogs.elcomercio.es\/hispadata\/wp-json\/wp\/v2\/posts\/1329\/revisions\/1330"}],"wp:attachment":[{"href":"https:\/\/blogs.elcomercio.es\/hispadata\/wp-json\/wp\/v2\/media?parent=1329"}],"wp:term":[{"taxonomy":"category","embeddable":true,"href":"https:\/\/blogs.elcomercio.es\/hispadata\/wp-json\/wp\/v2\/categories?post=1329"},{"taxonomy":"post_tag","embeddable":true,"href":"https:\/\/blogs.elcomercio.es\/hispadata\/wp-json\/wp\/v2\/tags?post=1329"}],"curies":[{"name":"wp","href":"https:\/\/api.w.org\/{rel}","templated":true}]}}