{"id":1336,"date":"2021-10-15T08:40:08","date_gmt":"2021-10-15T06:40:08","guid":{"rendered":"https:\/\/blogs.elcomercio.es\/hispadata\/?p=1336"},"modified":"2021-10-15T08:40:08","modified_gmt":"2021-10-15T06:40:08","slug":"el-precio-de-la-luz","status":"publish","type":"post","link":"https:\/\/blogs.elcomercio.es\/hispadata\/2021\/10\/15\/el-precio-de-la-luz\/","title":{"rendered":"EL PRECIO DE LA LUZ"},"content":{"rendered":"<p>Llevamos ya un tiempo leyendo y oyendo en todos los medios de comunicaci\u00f3n, el gran problema que representa la incesante subida de los precios de la luz, as\u00ed como el gas y los combustibles que repostamos en las gasolineras. De modo concreto, en estos momentos, mientras el Gobierno, por Decreto, trata de recortar los ingresos de las el\u00e9ctricas, Bruselas dice que no va a intervenir el mercado de la energ\u00eda al tiempo que pide a Espa\u00f1a que rebaje de modo ostensible los impuestos que en este momento se est\u00e1n aplicando.<\/p>\n<p>Yo no soy experto en la materia y por ello me resulta dif\u00edcil entender lo que est\u00e1 ocurriendo que, sin duda alguna, va a lastrar el crecimiento de la econom\u00eda y, sobre todo, est\u00e1 haciendo mucho da\u00f1o al bolsillo de los ciudadanos. De hecho, mes a mes, yo estoy viendo en mi propia casa, los recibos de la luz que estoy pagando y que no hacen mas que crecer de modo incesante.<\/p>\n<p>Como ejemplo voy a referirme al recibo que pagu\u00e9 por mi seguida vivienda que apenas uso y juzguen ustedes mismos: El importe total de la factura que me cargaron en mi cuenta del banco es de 38,62\u20ac y se desglosa del siguiente modo: Por potencia contratada 24,49\u20ac; por energ\u00eda consumida 2,95\u20ac; por impuesto de electricidad 1,40\u20ac; por alquiler de equipos de medida y control 3,08\u20ac; por IVA(21%) 6,70\u20ac. El resumen es que<strong>, para un consumo de energ\u00eda que se ha valorado en 2,95\u20ac, he tenido que pagar una factura de 38,62\u20ac. <\/strong><\/p>\n<p>En el apartado de facturaci\u00f3n por potencia contratada, se incluyen dos conceptos cuales son la facturaci\u00f3n por el peaje de acceso a la red y la facturaci\u00f3n por el margen de comercializaci\u00f3n fijo que nos cobran las empresas distribuidoras. Por la energ\u00eda consumida que es lo que yo en realidad gasto, se comprenden dos conceptos: La facturaci\u00f3n por el coste de la energ\u00eda (me parece l\u00f3gico) y adem\u00e1s, de modo totalmente il\u00f3gico, se vuelve a introducir un nuevo peaje de acceso que las el\u00e9ctricas llaman \u201cprecio del t\u00e9rmino de energ\u00eda del peaje de acceso\u201d. Se incluye aqu\u00ed tambi\u00e9n un impuesto de electricidad al tipo del 5,11% sobre el producto de la facturaci\u00f3n de la electricidad que me consumido. Y por si fueran pocos impuestos se a\u00f1ade tambi\u00e9n otro impuesto de electricidad del 1,40% y el 21% de IVA sobre todo ello.<\/p>\n<p>S\u00f3lo por acceder a la red el\u00e9ctrica y aunque s\u00f3lo consumamos una cantidad m\u00ednima de la potencia que tengo contratada, todos los ciudadanos estamos obligados a pagar los costes del transporte (las l\u00edneas el\u00e9ctricas de alta tensi\u00f3n), los costes de distribuci\u00f3n de la electricidad, los gastos de gesti\u00f3n comercial de las empresas distribuidoras, los gastos del operador del sistema y de la Comisi\u00f3n Nacional de Energ\u00eda, las primas al r\u00e9gimen especial y las energ\u00edas renovables y por \u00faltimo el d\u00e9ficit tarifario que nadie, nunca, consigui\u00f3 explicarme.<\/p>\n<p>Para no cansar al lector, tras analizar pormenorizadamente los recibos de la luz que estoy pagando, llego a una clara conclusi\u00f3n: La luz es mas cara en nuestro pa\u00eds y mas cara que en la mayor\u00eda de los pa\u00edses europeos, por una determinante causa. Esta causa son los impuestos que estamos pagando. Se puede comprobar claramente que casi el 50% del total que pagamos, son peajes de acceso, c\u00e1nones, tasas e impuestos.<\/p>\n<p>Es f\u00e1cil por tanto llegar a esta conclusi\u00f3n y es que, no tenemos la luz mas cara s\u00f3lo por culpa de esas malvadas empresas el\u00e9ctricas que deciden subir los precios para tener m\u00e1s beneficios y en cuyos consejos de administraci\u00f3n (por lo bien que est\u00e1n funcionando las puertas giratorias), se est\u00e1n sentando muchos ex dirigentes pol\u00edticos, sino que es cara por culpa de un costoso, monopol\u00edstico y parasitario sector p\u00fablico que, necesita m\u00e1s y m\u00e1s impuestos para mantener un elefanti\u00e1sico e ineficiente aparato burocr\u00e1tico que, adem\u00e1s, sigue creciendo sin parar.<\/p>\n<p>En nuestro pa\u00eds, a quien sobre todo se est\u00e1 castigando con los incesantes incrementos del precio de las energ\u00edas, es, adem\u00e1s de a las empresas, que en muchos casos tienen que cortar su producci\u00f3n, a todos esos espa\u00f1oles de a pie, que vivimos de los sueldos del trabajo o de las pensiones que estamos cobrando.<\/p>\n<p>Somos estos ciudadanos los verdaderamente perjudicados, al tener que soportar un voraz af\u00e1n recaudatorio para, de ese modo, sostener un ineficiente aparato y a unos bur\u00f3cratas a su frente, que van a decidir de modo arbitrario, c\u00f3mo se van a gastar los dineros que pagamos los contribuyentes.<\/p>\n<!-- AddThis Advanced Settings generic via filter on the_content --><!-- AddThis Share Buttons generic via filter on the_content -->","protected":false},"excerpt":{"rendered":"<p>Llevamos ya un tiempo leyendo y oyendo en todos los medios de comunicaci\u00f3n, el gran problema que representa la incesante subida de los precios de la luz, as\u00ed como el gas y los combustibles que repostamos en las gasolineras. De modo concreto, en estos momentos, mientras el Gobierno, por Decreto, trata de recortar los ingresos [&hellip;]<!-- AddThis Advanced Settings generic via filter on get_the_excerpt --><!-- AddThis Share Buttons generic via filter on get_the_excerpt --><\/p>\n","protected":false},"author":17,"featured_media":0,"comment_status":"open","ping_status":"closed","sticky":false,"template":"","format":"standard","meta":[],"categories":[5,9],"tags":[],"_links":{"self":[{"href":"https:\/\/blogs.elcomercio.es\/hispadata\/wp-json\/wp\/v2\/posts\/1336"}],"collection":[{"href":"https:\/\/blogs.elcomercio.es\/hispadata\/wp-json\/wp\/v2\/posts"}],"about":[{"href":"https:\/\/blogs.elcomercio.es\/hispadata\/wp-json\/wp\/v2\/types\/post"}],"author":[{"embeddable":true,"href":"https:\/\/blogs.elcomercio.es\/hispadata\/wp-json\/wp\/v2\/users\/17"}],"replies":[{"embeddable":true,"href":"https:\/\/blogs.elcomercio.es\/hispadata\/wp-json\/wp\/v2\/comments?post=1336"}],"version-history":[{"count":1,"href":"https:\/\/blogs.elcomercio.es\/hispadata\/wp-json\/wp\/v2\/posts\/1336\/revisions"}],"predecessor-version":[{"id":1337,"href":"https:\/\/blogs.elcomercio.es\/hispadata\/wp-json\/wp\/v2\/posts\/1336\/revisions\/1337"}],"wp:attachment":[{"href":"https:\/\/blogs.elcomercio.es\/hispadata\/wp-json\/wp\/v2\/media?parent=1336"}],"wp:term":[{"taxonomy":"category","embeddable":true,"href":"https:\/\/blogs.elcomercio.es\/hispadata\/wp-json\/wp\/v2\/categories?post=1336"},{"taxonomy":"post_tag","embeddable":true,"href":"https:\/\/blogs.elcomercio.es\/hispadata\/wp-json\/wp\/v2\/tags?post=1336"}],"curies":[{"name":"wp","href":"https:\/\/api.w.org\/{rel}","templated":true}]}}