{"id":1341,"date":"2021-10-28T08:58:09","date_gmt":"2021-10-28T06:58:09","guid":{"rendered":"https:\/\/blogs.elcomercio.es\/hispadata\/?p=1341"},"modified":"2021-10-28T08:58:09","modified_gmt":"2021-10-28T06:58:09","slug":"cooficialidad-o-mundo-real","status":"publish","type":"post","link":"https:\/\/blogs.elcomercio.es\/hispadata\/2021\/10\/28\/cooficialidad-o-mundo-real\/","title":{"rendered":"\u00bfCOOFICIALIDAD O MUNDO REAL?"},"content":{"rendered":"<p>En estos \u00faltimos d\u00edas, son frecuentes y reiterativas las noticias que se recogen en los medios de comunicaci\u00f3n, sobre las manifestaciones que est\u00e1n haciendo los pol\u00edticos sobre la anunciada implantaci\u00f3n de un idioma identitario en Asturias, comunidad que como todo el mundo sabe, econ\u00f3micamente est\u00e1 en un manifiesto declive.<\/p>\n<p>Somos la Comunidad que mas habitantes pierde. Somos la comunidad en la que el PIB peor evoluciona. Pasamos de exportar energ\u00eda, a importarla, desde el mismo momento en que se cerraron las t\u00e9rmicas. El peso de nuestra industria pas\u00f3 de representar el 51,9% que ten\u00edamos en 1980, a tan s\u00f3lo el 12,7% que es el \u00faltimo dato que conocemos. El empleo privado decreci\u00f3 un 1%, frente a un crecimiento del 14,5% que se registra en Espa\u00f1a. Otro dato m\u00e1s es que la deuda p\u00fablica asturiana est\u00e1 creciendo un promedio anual del 11,5%, muy superior al promedio del resto de las autonom\u00edas.<\/p>\n<p>Y con este panorama, que es el de nuestro mundo real, en el que nuestros hijos y nietos tienen que salir de Asturias para encontrar empleo (a nadie se le escapar\u00e1 que un joven biling\u00fce o triling\u00fce, tiene del orden del 80% de posibilidades m\u00e1s de encontrar un empleo en este mundo global en el que vivimos), para muchos pol\u00edticos, lo importante es la cooficialidad del bable normalizado.<\/p>\n<p>Mas all\u00e1 de razones culturales, qu\u00e9 sentido tiene promocionar la llingua, cuando lo m\u00e1s importante a mi juicio, es promocionar el idioma anglosaj\u00f3n que es un comod\u00edn y que se ha convertido en una herramienta, dir\u00eda obligatoria, para una comunicaci\u00f3n universal\u2026 Incluso dir\u00eda m\u00e1s, hasta habr\u00eda que promocionar el estudio del chino mandar\u00edn, dado el gran crecimiento de esta econom\u00eda a nivel mundial.<\/p>\n<p>Por informaci\u00f3n que he visto, parece que en Asturias hablamos o chapurreamos el bable de modo habitual, unas 150.000 personas que es aproximadamente el 15% de la poblaci\u00f3n. Se trata por tanto de un uso bastante minoritario y que adem\u00e1s se ha ido degradando poco a poco, hasta llegar a castellanizarse. Pero es que, adem\u00e1s, son poqu\u00edsimos los asturianos que escriben correctamente en bable, llevando a que el porcentaje de los que lo escriben, no supere el escas\u00edsimo 5%.<\/p>\n<p>En este estado de cosas y dentro de ese mundo global o esa aldea global que ya no tiene fronteras, la pregunta que me hago es: \u00bfNecesitamos que se imponga \u201cfalar n`bable porque esta va a ser la lengua cooficial en Asturias? Y en supuesto de que se impusiera la cooficialidad \u00bfqu\u00e9 bable se estudiar\u00eda? \u00bfEl de les cuenques, el de la zona oriental, la fala del occidente? O \u00bfse pondr\u00edan a trabajar los estudiosos de la Academia de la Llingua para fabricar un bable com\u00fan, eliminando los bables aut\u00e9nticos, que son los que se hablan en las diferentes zonas de Asturias?<\/p>\n<p>Nuestros hijos y nuestros nietos, en vez de esforzarse o gastar energ\u00edas y tiempo en estudiar bable, algo que m\u00e1s adelante les quitar\u00eda oportunidades en el mundo laboral, en lo que deber\u00edan de concentrarse es en hablar, adem\u00e1s del castellano, correctamente el ingl\u00e9s, el franc\u00e9s o el chino mandar\u00edn. El dominio del ingl\u00e9s y de otras lenguas va a resultarles de gran utilidad y les otorgar\u00e1 unas competencias diferenciadas que representar\u00e1n una ventaja para moverse en este mundo global.<\/p>\n<p>Pero es que, adem\u00e1s, siendo como es una lengua minoritaria y cada vez m\u00e1s en desuso, qu\u00e9 sentido tiene que algunos pol\u00edticos est\u00e9n dispuestos a tirar de nuestros impuestos para incrementar el gasto p\u00fablico de modo desmedido, ya que, como a nadie se le escapar\u00e1, se necesitar\u00e1 contratar a muchos profesores, que no s\u00e9 si los hay y probablemente habr\u00e1 que formarlos, se necesitar\u00e1n traductores, se necesitar\u00e1 ense\u00f1ar a todos los funcionarios que atienden al p\u00fablico en las ventanillas, que hablen en bable. Se necesitar\u00e1 rotular todo en ambas lenguas. Y todo eso, sin duda alguna nos va a costar un past\u00f3n.<\/p>\n<p>Y si esto no fuere poco, cuando en Asturias, para mejorar nuestra deteriorada econom\u00eda, lo que necesitamos es abrirnos al mundo y que a nosotros lleguen empresas nacionales y multinacionales, directivos y profesionales de nivel, si nos empe\u00f1amos en volver a aislarnos tras el puerto de Pajares, qu\u00e9 est\u00edmulos tendr\u00edan esos directivos y esos empresarios para instalarse en Asturias, si saben que a sus hijos se les va a obligar a que estudien bable. Por qu\u00e9 nos empe\u00f1amos en levantar barreras ling\u00fc\u00edsticas, que, sin duda terminar\u00e1n derivando tambi\u00e9n en barreras sociales. Queremos hacernos nacionalistas para que haya asturianos que como hablan bable son de la clase A y por ello optan a los mejores puestos de la Administraci\u00f3n y otros, como no hablan bable, van a pasar a la clase B porque quedar\u00e1n excluidos en muchas ocasiones.<\/p>\n<p>Nosotros, los asturianos, hablemos o no bable, somos gente abierta y acogedora y lo que queremos es integrar, no separar. Por todo ello, aunque algunos pol\u00edticos se empe\u00f1en, si los asturianos nos apetecen hablar de modo coloquial n\u00b4asturianu, lo haremos, porque esta es una manera de hablar de alguna gente, pero otra cosa muy distinta es saber bable, que implica adem\u00e1s de hablar, escribirlo, y esto son muy pocos los asturianos que lo dominan. La realidad de la calle es que no parece que los asturianos estemos dispuestos a aceptar que se nos imponga el uso forzado del bable.<\/p>\n<!-- AddThis Advanced Settings generic via filter on the_content --><!-- AddThis Share Buttons generic via filter on the_content -->","protected":false},"excerpt":{"rendered":"<p>En estos \u00faltimos d\u00edas, son frecuentes y reiterativas las noticias que se recogen en los medios de comunicaci\u00f3n, sobre las manifestaciones que est\u00e1n haciendo los pol\u00edticos sobre la anunciada implantaci\u00f3n de un idioma identitario en Asturias, comunidad que como todo el mundo sabe, econ\u00f3micamente est\u00e1 en un manifiesto declive. Somos la Comunidad que mas habitantes [&hellip;]<!-- AddThis Advanced Settings generic via filter on get_the_excerpt --><!-- AddThis Share Buttons generic via filter on get_the_excerpt --><\/p>\n","protected":false},"author":17,"featured_media":0,"comment_status":"open","ping_status":"closed","sticky":false,"template":"","format":"standard","meta":[],"categories":[9,15],"tags":[],"_links":{"self":[{"href":"https:\/\/blogs.elcomercio.es\/hispadata\/wp-json\/wp\/v2\/posts\/1341"}],"collection":[{"href":"https:\/\/blogs.elcomercio.es\/hispadata\/wp-json\/wp\/v2\/posts"}],"about":[{"href":"https:\/\/blogs.elcomercio.es\/hispadata\/wp-json\/wp\/v2\/types\/post"}],"author":[{"embeddable":true,"href":"https:\/\/blogs.elcomercio.es\/hispadata\/wp-json\/wp\/v2\/users\/17"}],"replies":[{"embeddable":true,"href":"https:\/\/blogs.elcomercio.es\/hispadata\/wp-json\/wp\/v2\/comments?post=1341"}],"version-history":[{"count":1,"href":"https:\/\/blogs.elcomercio.es\/hispadata\/wp-json\/wp\/v2\/posts\/1341\/revisions"}],"predecessor-version":[{"id":1342,"href":"https:\/\/blogs.elcomercio.es\/hispadata\/wp-json\/wp\/v2\/posts\/1341\/revisions\/1342"}],"wp:attachment":[{"href":"https:\/\/blogs.elcomercio.es\/hispadata\/wp-json\/wp\/v2\/media?parent=1341"}],"wp:term":[{"taxonomy":"category","embeddable":true,"href":"https:\/\/blogs.elcomercio.es\/hispadata\/wp-json\/wp\/v2\/categories?post=1341"},{"taxonomy":"post_tag","embeddable":true,"href":"https:\/\/blogs.elcomercio.es\/hispadata\/wp-json\/wp\/v2\/tags?post=1341"}],"curies":[{"name":"wp","href":"https:\/\/api.w.org\/{rel}","templated":true}]}}