{"id":1344,"date":"2021-11-12T13:42:51","date_gmt":"2021-11-12T12:42:51","guid":{"rendered":"https:\/\/blogs.elcomercio.es\/hispadata\/?p=1344"},"modified":"2021-11-12T13:42:51","modified_gmt":"2021-11-12T12:42:51","slug":"la-ola-de-la-incertidumbre","status":"publish","type":"post","link":"https:\/\/blogs.elcomercio.es\/hispadata\/2021\/11\/12\/la-ola-de-la-incertidumbre\/","title":{"rendered":"LA OLA DE LA INCERTIDUMBRE"},"content":{"rendered":"<p>Llevamos ya mucho tiempo surfeando por encima de las diferentes olas de la pandemia que nos ha tocado vivir y aun cuando estamos soportando algunas olas, digamos bajeras, cuando parec\u00eda que poco a poco, \u00edbamos entrando en la normalidad de nuestras vidas y era por tanto el momento de que nuestra econom\u00eda volviere a mejorar, para poder volver a ese llamado estado del bienestar, de repente, sin casi darnos cuenta, ahora hemos entrado en una gigantesca ola de incertidumbres que no sabemos a d\u00f3nde nos va a llevar.<\/p>\n<p>Acaba de publicarse el dato de la inflaci\u00f3n, que se ha disparado al 5,4% y que es el mas alto de los \u00faltimos treinta a\u00f1os. Sin lugar a duda, esto trae su causa en los brutales incrementos de los costes de la electricidad, los costes de los combustibles y los problemas que se est\u00e1n generando en las cadenas de abastecimiento y distribuci\u00f3n. Esta s\u00ed que es una informaci\u00f3n que todos los ciudadanos conocemos y que, por ello, en alg\u00fan modo, pod\u00edamos prever.<\/p>\n<p>Lo que ahora no podemos prever, es esa ola de incertidumbre que se deriva de los problemas de suministro de gas, que se han iniciado en nuestro pa\u00eds por causa del conflicto creado entre Argelia y Marruecos y que ha provocado el cierre de uno de los conductos de suministro. No me sirve de nada que el Gobierno nos diga que no pasa nada, todos tranquilos, que, si falla el suministro por el conducto, el gas se licuar\u00e1 y ser\u00e1 transportado a Espa\u00f1a por Barco. Lo que no se nos dice y se nos oculta, es que no tenemos barcos suficientes para hacer ese transporte que nos permita un abastecimiento correcto. Y por si todo esto fuere poco, ahora resulta que el problema del suministro, se extiende a nivel mundial, empezando por Rusia que tambi\u00e9n ha empezado a cerrar conductos, para perjudicar con ello a Europa.<\/p>\n<p>Otra ola llena de incertidumbre, la tenemos en la fuerte crisis que se est\u00e1 generando en China, que, como todo el mundo sabe, es una potencia econ\u00f3mica mundial y que, si all\u00ed cogen un resfriado, igual nosotros pillamos un gripazo. En el pa\u00eds asi\u00e1tico se produjo la quiebra de Evergrande que ha arrastrado a toda la econom\u00eda del pa\u00eds. Los medios de comunicaci\u00f3n especializados ya est\u00e1n hablando de esta situaci\u00f3n del pa\u00eds asi\u00e1tico que tambi\u00e9n va a afectar muy profundamente a la econom\u00eda mundial. Los mercados globales est\u00e1n mirando con mucha preocupaci\u00f3n a lo que ocurre en ese pa\u00eds, ya que puede arrastrar a toda la econom\u00eda mundial.<\/p>\n<p>El mundo en el que vivimos, est\u00e1 lidiando con una crisis energ\u00e9tica sin precedentes, que pudo haberse generado por causa de la reducci\u00f3n de las emisiones para reducir la contaminaci\u00f3n, pero que tambi\u00e9n se ha agravado de modo ostensible por el incremento de los precios de gas, carb\u00f3n, petr\u00f3leos, etc. De modo concreto, en nuestro pa\u00eds, el alto incremento de los precios de la electricidad, adem\u00e1s de perjudicar de primera mano al ciudadano de a pie, est\u00e1 afectando a la producci\u00f3n de muchas industrias y por tanto a la actividad econ\u00f3mica en su conjunto.<\/p>\n<p>Y como esto era poco, ahora nos toca surfear la ola que provoca la crisis del transporte, que no s\u00f3lo afecta a los camioneros que van a ir a la huelga y que de cara a la navidad puede provocar un serio problema de suministro. La crisis tambi\u00e9n est\u00e1 afectando manifiestamente al transporte mar\u00edtimo que va a generar serios problemas de abastecimiento de todo tipo. Seg\u00fan leo, la crisis de las cadenas de suministro, podr\u00eda durar todo el 2023, si los diferentes gobiernos no toman ninguna medida.<\/p>\n<p>&nbsp;<\/p>\n<p>A nadie se le escapa que, si hay crisis de suministro, las f\u00e1bricas producir\u00e1n menos ante la falta de piezas y por tanto el producto final ser\u00e1 mas caro, las empresas constructoras, como no tendr\u00e1n materiales, tambi\u00e9n incrementar\u00e1n sus precios y lo que es mas preocupante, muchas empresas tendr\u00e1n que cerrar la puerta.<\/p>\n<p>&nbsp;<\/p>\n<p>Por ello, ante esta gigante ola de incertidumbre que se nos viene encima, yo pido tanto al partido gobernante como a los partidos de la oposici\u00f3n, que, de una vez por todas, aparquen a un lado sus particulares guerras de tronos, que empiecen a pensar seriamente en los intereses de los ciudadanos y que alcancen aut\u00e9nticos pactos de estado, para que, de modo coordinado, traten de luchar de modo conjunto con este grave problema que ya tenemos encima.<\/p>\n<!-- AddThis Advanced Settings generic via filter on the_content --><!-- AddThis Share Buttons generic via filter on the_content -->","protected":false},"excerpt":{"rendered":"<p>Llevamos ya mucho tiempo surfeando por encima de las diferentes olas de la pandemia que nos ha tocado vivir y aun cuando estamos soportando algunas olas, digamos bajeras, cuando parec\u00eda que poco a poco, \u00edbamos entrando en la normalidad de nuestras vidas y era por tanto el momento de que nuestra econom\u00eda volviere a mejorar, [&hellip;]<!-- AddThis Advanced Settings generic via filter on get_the_excerpt --><!-- AddThis Share Buttons generic via filter on get_the_excerpt --><\/p>\n","protected":false},"author":17,"featured_media":0,"comment_status":"open","ping_status":"closed","sticky":false,"template":"","format":"standard","meta":[],"categories":[5,6,9],"tags":[],"_links":{"self":[{"href":"https:\/\/blogs.elcomercio.es\/hispadata\/wp-json\/wp\/v2\/posts\/1344"}],"collection":[{"href":"https:\/\/blogs.elcomercio.es\/hispadata\/wp-json\/wp\/v2\/posts"}],"about":[{"href":"https:\/\/blogs.elcomercio.es\/hispadata\/wp-json\/wp\/v2\/types\/post"}],"author":[{"embeddable":true,"href":"https:\/\/blogs.elcomercio.es\/hispadata\/wp-json\/wp\/v2\/users\/17"}],"replies":[{"embeddable":true,"href":"https:\/\/blogs.elcomercio.es\/hispadata\/wp-json\/wp\/v2\/comments?post=1344"}],"version-history":[{"count":1,"href":"https:\/\/blogs.elcomercio.es\/hispadata\/wp-json\/wp\/v2\/posts\/1344\/revisions"}],"predecessor-version":[{"id":1345,"href":"https:\/\/blogs.elcomercio.es\/hispadata\/wp-json\/wp\/v2\/posts\/1344\/revisions\/1345"}],"wp:attachment":[{"href":"https:\/\/blogs.elcomercio.es\/hispadata\/wp-json\/wp\/v2\/media?parent=1344"}],"wp:term":[{"taxonomy":"category","embeddable":true,"href":"https:\/\/blogs.elcomercio.es\/hispadata\/wp-json\/wp\/v2\/categories?post=1344"},{"taxonomy":"post_tag","embeddable":true,"href":"https:\/\/blogs.elcomercio.es\/hispadata\/wp-json\/wp\/v2\/tags?post=1344"}],"curies":[{"name":"wp","href":"https:\/\/api.w.org\/{rel}","templated":true}]}}