{"id":1354,"date":"2021-12-22T09:22:15","date_gmt":"2021-12-22T08:22:15","guid":{"rendered":"https:\/\/blogs.elcomercio.es\/hispadata\/?p=1354"},"modified":"2021-12-22T09:22:15","modified_gmt":"2021-12-22T08:22:15","slug":"otegui-ministro","status":"publish","type":"post","link":"https:\/\/blogs.elcomercio.es\/hispadata\/2021\/12\/22\/otegui-ministro\/","title":{"rendered":"OTEGUI MINISTRO"},"content":{"rendered":"<p>A mi no me sorprende nada que el ministro de Universidades Sr. Castells haya dimitido por unas razones u otras. Lo que si me extra\u00f1\u00f3 mucho es que, siendo como es un sabio en las nubes, con una trayectoria en las ciencias sociales de primera l\u00ednea, llena reconocimientos acad\u00e9micos, libros y conferencias, pero sin ninguna capacidad de gesti\u00f3n, hubiere aceptado el cargo.<\/p>\n<p>Lo que s\u00ed resulta manifiesto es que el presidente del Gobierno, Pedro S\u00e1nchez, tuvo que aceptar la propuesta de Ada Colau para meter a Castells en el gobierno, aun sabiendo como sab\u00eda que este personaje era un manifiesto defensor del proceso secesionista catal\u00e1n. \u00a0Y ahora, otra vez vuelve a hacerlo, probablemente por los mismos motivos, aceptando que, para sustituir a Castells, entre Joan Subirats quien, si est\u00e1 claro que conoce nuestra Universidad, por su trayectoria como profesor y reconocido investigador durante muchos a\u00f1os. Pero, por lo que pude ver, su experiencia de gesti\u00f3n tambi\u00e9n es muy escasa, ya que s\u00f3lo fue comisionado de cultura en el Ayuntamiento de Barcelona, nombrado por la misma Ada Colau, que lo ha propuesto para entrar en el gobierno.<\/p>\n<p>Esto se ha hecho con toda naturalidad y normalidad, hasta el punto que, los espa\u00f1oles de a pie, probablemente aletargados y aborregados para mantener la democracia sin sobresaltos, somos incapaces de mostrar nuestra indignaci\u00f3n ante tama\u00f1a burla y desprecio a esa regla esencial que es el Estado de derecho, el respeto a nuestra carta magna, a la que todos nosotros y tambi\u00e9n los poderes p\u00fablicos, est\u00e1n obligados.<\/p>\n<p>Ha de saberse que el Sr. Subirats es un reconocido independentista catal\u00e1n que en octubre de 2017 vot\u00f3 positivamente en el refer\u00e9ndum ilegal que tuvo lugar en Catalu\u00f1a, para declarar la independencia. Es el que, con sus pr\u00e1cticas, provoc\u00f3 que la autonom\u00eda catalana fuere intervenida, conforme a lo que se establece en el art\u00edculo 155 de nuestra Constituci\u00f3n. Conviene recordar que estos incidentes, provocaron el inicio de un procedimiento judicial que termin\u00f3, aplicando todas las garant\u00edas constitucionales y procesales, con la condena en la sentencia dictada por el Tribunal Supremo, a penas entre nueve y trece a\u00f1os de prisi\u00f3n, por delitos de sedici\u00f3n y de malversaci\u00f3n, a todos los cabecillas de esta trama.<\/p>\n<p>El Sr. Subirats vot\u00f3 en esta consulta que estaba prohibida por los Tribunales y que las fuerzas y cuerpos de seguridad del Estado trataron de parar, con poco \u00e9xito. Pero no todo qued\u00f3 ah\u00ed, ya que, en las redes sociales y m\u00e1s concretamente en Twitter, con todo descaro, decidi\u00f3 subir la foto del momento en el que votaba, acompa\u00f1ada de estos comentarios &gt;he votado, refer\u00e9ndum catal\u00e1n\u00b8 Rajoy dimisi\u00f3n&gt;.<\/p>\n<p>En este estado de cosas, me pregunto, \u00bfalguien que ha participado y colaborado activamente en un refer\u00e9ndum ilegal y delictivo, puede ser designado por el presidente del Gobierno, para que se siente en el Consejo de ministros? Si los miembros del Gobierno tienen como una de sus primeras obligaciones, respetar y garantizar el cumplimiento de nuestra Constituci\u00f3n \u00bfpuede ser nombrado miembro de ese Consejo, alguien que ha apoyado de modo decidido, un acto anticonstitucional y adem\u00e1s delictivo?<\/p>\n<p>Si para poder seguir ocupando la poltrona, nuestro presidente est\u00e1 aceptando que en Catalu\u00f1a se incumplan las leyes, o que en Catalu\u00f1a las autoridades se nieguen a ejecutar una sentencia de nuestro Tribunal Supremo, ya no me sorprender\u00eda nada que, como eso del cumplimiento de la ley se lo pasa por el forro, si necesitara mas apoyos para seguir sentado en La Moncloa y Bildu le hiciere la propuesta, segur\u00edsimo que tambi\u00e9n aceptar\u00eda que el etarra Otegui, se sentara en el Consejo de ministros. Para seguir subido al Falcon, todo vale.<\/p>\n<p>\u00a1qu\u00e9 pena!<\/p>\n<!-- AddThis Advanced Settings generic via filter on the_content --><!-- AddThis Share Buttons generic via filter on the_content -->","protected":false},"excerpt":{"rendered":"<p>A mi no me sorprende nada que el ministro de Universidades Sr. Castells haya dimitido por unas razones u otras. Lo que si me extra\u00f1\u00f3 mucho es que, siendo como es un sabio en las nubes, con una trayectoria en las ciencias sociales de primera l\u00ednea, llena reconocimientos acad\u00e9micos, libros y conferencias, pero sin ninguna [&hellip;]<!-- AddThis Advanced Settings generic via filter on get_the_excerpt --><!-- AddThis Share Buttons generic via filter on get_the_excerpt --><\/p>\n","protected":false},"author":17,"featured_media":0,"comment_status":"open","ping_status":"closed","sticky":false,"template":"","format":"standard","meta":[],"categories":[9],"tags":[],"_links":{"self":[{"href":"https:\/\/blogs.elcomercio.es\/hispadata\/wp-json\/wp\/v2\/posts\/1354"}],"collection":[{"href":"https:\/\/blogs.elcomercio.es\/hispadata\/wp-json\/wp\/v2\/posts"}],"about":[{"href":"https:\/\/blogs.elcomercio.es\/hispadata\/wp-json\/wp\/v2\/types\/post"}],"author":[{"embeddable":true,"href":"https:\/\/blogs.elcomercio.es\/hispadata\/wp-json\/wp\/v2\/users\/17"}],"replies":[{"embeddable":true,"href":"https:\/\/blogs.elcomercio.es\/hispadata\/wp-json\/wp\/v2\/comments?post=1354"}],"version-history":[{"count":1,"href":"https:\/\/blogs.elcomercio.es\/hispadata\/wp-json\/wp\/v2\/posts\/1354\/revisions"}],"predecessor-version":[{"id":1355,"href":"https:\/\/blogs.elcomercio.es\/hispadata\/wp-json\/wp\/v2\/posts\/1354\/revisions\/1355"}],"wp:attachment":[{"href":"https:\/\/blogs.elcomercio.es\/hispadata\/wp-json\/wp\/v2\/media?parent=1354"}],"wp:term":[{"taxonomy":"category","embeddable":true,"href":"https:\/\/blogs.elcomercio.es\/hispadata\/wp-json\/wp\/v2\/categories?post=1354"},{"taxonomy":"post_tag","embeddable":true,"href":"https:\/\/blogs.elcomercio.es\/hispadata\/wp-json\/wp\/v2\/tags?post=1354"}],"curies":[{"name":"wp","href":"https:\/\/api.w.org\/{rel}","templated":true}]}}