{"id":1357,"date":"2021-12-30T11:29:39","date_gmt":"2021-12-30T10:29:39","guid":{"rendered":"https:\/\/blogs.elcomercio.es\/hispadata\/?p=1357"},"modified":"2021-12-30T11:29:39","modified_gmt":"2021-12-30T10:29:39","slug":"test-de-antigenos","status":"publish","type":"post","link":"https:\/\/blogs.elcomercio.es\/hispadata\/2021\/12\/30\/test-de-antigenos\/","title":{"rendered":"TEST DE ANTIGENOS"},"content":{"rendered":"<p>&nbsp;<\/p>\n<p>Al igual que al inicio de la pandemia, vivimos y sufrimos el alto precio de las mascarillas, tanto por las condiciones econ\u00f3micas que impon\u00edan los fabricantes, como por el alto IVA que pagamos por ellas, ahora, la historia se repite con los test de ant\u00edgenos.<\/p>\n<p>Hace ahora cinco meses, las farmacias fueron autorizadas a vender test de pruebas de autodiagn\u00f3stico de Covid-19, con la idea de que, en medio de la quinta ola del coronavirus, este test de ant\u00edgenos podr\u00eda ser un instrumento esencial para el control de la progresi\u00f3n de la pandemia. En nuestro BOE, al igual que a nivel internacional, se pon\u00eda en marcha un m\u00e9todo que pod\u00eda ampliar al m\u00e1ximo la capacidad diagn\u00f3stica, de modo tal que las pruebas de ant\u00edgeno eran el objetivo por alcanzar.<\/p>\n<p>Desde ese momento, el test de ant\u00edgenos, que es una herramienta sencilla, r\u00e1pida y f\u00e1cil de usar, para detectar o descartar un contagio, Puso en marcha otro gran negocio que est\u00e1 creciendo enormemente en esta sexta pandemia que ha provocado \u00f3micron y la llegada del fr\u00edo, unido esto a las vacaciones de navidad, en las que muchas personas, para tener garant\u00edas en los encuentros familiares, acuden a las \u00a0farmacias en busca de estos test y se encuentran con unos desorbitados precios que se mueven entre los 5 y los 10 euros, unido esto adem\u00e1s a la escasez de suministros.<\/p>\n<p>Desde el momento que el test se convirti\u00f3 en un producto sanitario de venta libre, los fabricantes son los que deciden marcar el precio del mismo, raz\u00f3n esta por la que no hay precios fijos y adem\u00e1s de eso hay diferencias entre unos y otros que llegan hasta el 100%. La ministra de Salud, Carolina Dar\u00edas, sali\u00f3 a la palestra para decir (en un acto publicitario m\u00e1s), que el Gobierno trabajar\u00eda para que este producto fuere asequible a los ciudadanos. Han pasado ya cinco meses y no se ha hecho absolutamente nada.<\/p>\n<p>En estos \u00faltimos d\u00edas, adem\u00e1s de los altos precios, los ciudadanos vamos a las farmacias y nos podemos encontrar con un cartel de -agotado- en la puerta. Nos podemos encontrar tambi\u00e9n con unos precios y con unas variaciones en los mismos, que nos llevan a tener uno de los valores mas elevados de toda Europa.<\/p>\n<p>He visto que la Organizaci\u00f3n para la defensa de los Consumidores (OCU), ha encontrado una variaci\u00f3n de precios de hasta un 102%, que se mueven entre los 5 y los 10 euros, de modo que, una familia de cinco miembros, como ha ocurrido ayer a uno de mis hijos, tuvo que pagar en Madrid casi 100 euros, para saber si no estaban contagiados y de ese podo poder venir a pasar la nochevieja y a\u00f1o nuevo, en mi casa.<\/p>\n<p>Y a esto hemos de a\u00f1adir que como los expertos recomiendan que estos test de ant\u00edgenos se realicen con frecuencia, debido a que la variante de \u00d3micron se est\u00e1s transmitiendo a mucha velocidad, los costes se pueden multiplicar y no s\u00e9 si las familias con pocos recursos se lo van a poder permitir. Por ello, es inaceptable que nuestro gobierno no haya hecho nada para obligar a fijar unos precios m\u00e1ximos y mas bajos para los test de ant\u00edgenos y evitar as\u00ed la especulaci\u00f3n que se est\u00e1 produciendo, Nos pas\u00f3 antes con las mascarillas y ahora volvemos a sufrirlo con los test.<\/p>\n<p>Y mientras los ciudadanos sufrimos este problema, los grandes fabricantes de test de ant\u00edgenos se est\u00e1n forrando con tan lucrativo negocio, haciendo que sus acciones en bolsa alcancen valores m\u00e1ximos hist\u00f3ricos.<\/p>\n<!-- AddThis Advanced Settings generic via filter on the_content --><!-- AddThis Share Buttons generic via filter on the_content -->","protected":false},"excerpt":{"rendered":"<p>&nbsp; Al igual que al inicio de la pandemia, vivimos y sufrimos el alto precio de las mascarillas, tanto por las condiciones econ\u00f3micas que impon\u00edan los fabricantes, como por el alto IVA que pagamos por ellas, ahora, la historia se repite con los test de ant\u00edgenos. Hace ahora cinco meses, las farmacias fueron autorizadas a [&hellip;]<!-- AddThis Advanced Settings generic via filter on get_the_excerpt --><!-- AddThis Share Buttons generic via filter on get_the_excerpt --><\/p>\n","protected":false},"author":17,"featured_media":0,"comment_status":"open","ping_status":"closed","sticky":false,"template":"","format":"standard","meta":[],"categories":[5,9],"tags":[],"_links":{"self":[{"href":"https:\/\/blogs.elcomercio.es\/hispadata\/wp-json\/wp\/v2\/posts\/1357"}],"collection":[{"href":"https:\/\/blogs.elcomercio.es\/hispadata\/wp-json\/wp\/v2\/posts"}],"about":[{"href":"https:\/\/blogs.elcomercio.es\/hispadata\/wp-json\/wp\/v2\/types\/post"}],"author":[{"embeddable":true,"href":"https:\/\/blogs.elcomercio.es\/hispadata\/wp-json\/wp\/v2\/users\/17"}],"replies":[{"embeddable":true,"href":"https:\/\/blogs.elcomercio.es\/hispadata\/wp-json\/wp\/v2\/comments?post=1357"}],"version-history":[{"count":1,"href":"https:\/\/blogs.elcomercio.es\/hispadata\/wp-json\/wp\/v2\/posts\/1357\/revisions"}],"predecessor-version":[{"id":1358,"href":"https:\/\/blogs.elcomercio.es\/hispadata\/wp-json\/wp\/v2\/posts\/1357\/revisions\/1358"}],"wp:attachment":[{"href":"https:\/\/blogs.elcomercio.es\/hispadata\/wp-json\/wp\/v2\/media?parent=1357"}],"wp:term":[{"taxonomy":"category","embeddable":true,"href":"https:\/\/blogs.elcomercio.es\/hispadata\/wp-json\/wp\/v2\/categories?post=1357"},{"taxonomy":"post_tag","embeddable":true,"href":"https:\/\/blogs.elcomercio.es\/hispadata\/wp-json\/wp\/v2\/tags?post=1357"}],"curies":[{"name":"wp","href":"https:\/\/api.w.org\/{rel}","templated":true}]}}