{"id":1365,"date":"2022-01-28T08:57:13","date_gmt":"2022-01-28T07:57:13","guid":{"rendered":"https:\/\/blogs.elcomercio.es\/hispadata\/?p=1365"},"modified":"2022-01-28T08:57:13","modified_gmt":"2022-01-28T07:57:13","slug":"la-cartera","status":"publish","type":"post","link":"https:\/\/blogs.elcomercio.es\/hispadata\/2022\/01\/28\/la-cartera\/","title":{"rendered":"LA CARTERA"},"content":{"rendered":"<p>Esta ma\u00f1ana, cuando sal\u00eda a la calle, me encontr\u00e9 en el portal de al lado, con una empleada de Correos, a la que conozco, que estaba tocando el timbre, para que le abrieran la puerta y poder entrar a dejar en los buzones, las cartas que llevaba para los vecinos. Conozco a esta mujer, porque algunas veces, en vez de dejarme las cartas en el buz\u00f3n, sube a mi casa, para entregarme correos certificados que requieren de mi firma para acreditar que los he recibido. Normalmente, cuando le abro la puerta y la veo, siempre le digo: Ufffs seguro que me traes malas noticias, porque o es una multa de la DGT o una comunicaci\u00f3n de la Agencia Tributaria.<\/p>\n<p>La o\u00ed decir \u00a1soy el cartero! por favor \u00bfme abre el portal? Al escuchar esto le dije \u00a1c\u00f3mo que eres el cartero! \u00a1T\u00fa eres la cartera! \u00a0Se ech\u00f3 a re\u00edr y me aclar\u00f3 que cuando dec\u00eda que era la cartera, los vecinos pensaban que era broma y no le abr\u00edan el portal. Esa es la raz\u00f3n por la que dice que es el cartero y no la cartera.<\/p>\n<p>Tras hablar con ella, continu\u00e9 caminando por la acera y empec\u00e9 a hacer algunas reflexiones, tales como que esta mujer es una empleada de correos y no un empleado. Lleva cartas para repartir y no cartos. Las transporta dentro de una valija y no de un valijo. Esta valija para su f\u00e1cil transporte va equipada con ruedas y no con ruedos.<\/p>\n<p>En relaci\u00f3n a estas cosas, hace alg\u00fan tiempo, la vicepresidenta del gobierno, Carmen Calvo, dec\u00eda que el lenguaje llamado inclusivo, es un problema importante que tenemos en nuestro pa\u00eds y que por ello iba a pedir un informe a la Real Academia Espa\u00f1ola de la Lengua para que se adec\u00fae un lenguaje que incluya a las mujeres. Desde la RAE, de modo inmediato se dijo que, si se les ped\u00eda el informe, lo emitir\u00edan conforme a la \u201cdoctrina ling\u00fc\u00edstica\u201d y que en base a ello tendr\u00edan en cuenta la dimensi\u00f3n del espa\u00f1ol como lengua que no s\u00f3lo se refiere a la que hablamos 47 millones de espa\u00f1oles, sino que tambi\u00e9n la hablan 574 millones de hispanohablantes. Advirti\u00f3 tambi\u00e9n la RAE que no se puede pretender que nuestro lenguaje sea adaptado a intereses pol\u00edticos.<\/p>\n<p>Primero empez\u00f3 el lehendakari Ibarretxe con eso de los vascos y las vascas (por eso de la galanter\u00eda machista, primero los vascos y despu\u00e9s las vascas). Despu\u00e9s una ministro empez\u00f3 a hablar de los miembros y las miembras (aunque era mujer, segu\u00eda poniendo a los miembros primero. Sigui\u00f3 la \u201cmiembra\u201d de Podemos, Irene Montero, hablando de la \u201cportavoza\u201d. Y a partir de ah\u00ed, abierta la espita por muchos pol\u00edticos se est\u00e1 intentando defender de modo insistente, este lenguaje llamado inclusivo, ya que con ello dicen que se da mas visibilidad a las mujeres o a los ni\u00f1os, ni\u00f1as y el engendro \u201cni\u00f1es\u201d.<\/p>\n<p>Tras todo esto, quiero terminar parafraseando a una profesora, que dirigi\u00f3 una carta abierta a un grupo de personas que hab\u00edan firmado un manifiesto en defensa del g\u00e9nero y que dec\u00eda: Tengo la esperanza de que esta carta llegue a esos ignorantes semovientes (no ignorantas semovientas, aunque ocupen carteras ministeriales) y hacerles ver que esos firmantes del manifiesto eran:\u00a0el dentisto, el poeto, el sindicalisto,\u00a0el pediatro, el pianisto, el golfisto, el arreglisto, el funambulisto,\u00a0el proyectisto, el turisto, el contratisto, el paisajisto, el taxisto, elartisto, el periodisto, el taxidermisto, el telefonisto, el masajisto,\u00a0el gasisto, el trompetisto, el violinisto, el maquinisto, el\u00a0electricisto, el oculisto, el polic\u00edo del esquino y, sobre todo,\u00a0\u00a1el machisto!<\/p>\n<p>As\u00ed que, querida amiga cartera de mi barrio, voy a darte la raz\u00f3n y confirmarte que tu, ciertamente, no eres \u201cla cartera\u201d. Eres el cartero.<\/p>\n<!-- AddThis Advanced Settings generic via filter on the_content --><!-- AddThis Share Buttons generic via filter on the_content -->","protected":false},"excerpt":{"rendered":"<p>Esta ma\u00f1ana, cuando sal\u00eda a la calle, me encontr\u00e9 en el portal de al lado, con una empleada de Correos, a la que conozco, que estaba tocando el timbre, para que le abrieran la puerta y poder entrar a dejar en los buzones, las cartas que llevaba para los vecinos. Conozco a esta mujer, porque [&hellip;]<!-- AddThis Advanced Settings generic via filter on get_the_excerpt --><!-- AddThis Share Buttons generic via filter on get_the_excerpt --><\/p>\n","protected":false},"author":17,"featured_media":0,"comment_status":"open","ping_status":"closed","sticky":false,"template":"","format":"standard","meta":[],"categories":[11,15],"tags":[],"_links":{"self":[{"href":"https:\/\/blogs.elcomercio.es\/hispadata\/wp-json\/wp\/v2\/posts\/1365"}],"collection":[{"href":"https:\/\/blogs.elcomercio.es\/hispadata\/wp-json\/wp\/v2\/posts"}],"about":[{"href":"https:\/\/blogs.elcomercio.es\/hispadata\/wp-json\/wp\/v2\/types\/post"}],"author":[{"embeddable":true,"href":"https:\/\/blogs.elcomercio.es\/hispadata\/wp-json\/wp\/v2\/users\/17"}],"replies":[{"embeddable":true,"href":"https:\/\/blogs.elcomercio.es\/hispadata\/wp-json\/wp\/v2\/comments?post=1365"}],"version-history":[{"count":1,"href":"https:\/\/blogs.elcomercio.es\/hispadata\/wp-json\/wp\/v2\/posts\/1365\/revisions"}],"predecessor-version":[{"id":1366,"href":"https:\/\/blogs.elcomercio.es\/hispadata\/wp-json\/wp\/v2\/posts\/1365\/revisions\/1366"}],"wp:attachment":[{"href":"https:\/\/blogs.elcomercio.es\/hispadata\/wp-json\/wp\/v2\/media?parent=1365"}],"wp:term":[{"taxonomy":"category","embeddable":true,"href":"https:\/\/blogs.elcomercio.es\/hispadata\/wp-json\/wp\/v2\/categories?post=1365"},{"taxonomy":"post_tag","embeddable":true,"href":"https:\/\/blogs.elcomercio.es\/hispadata\/wp-json\/wp\/v2\/tags?post=1365"}],"curies":[{"name":"wp","href":"https:\/\/api.w.org\/{rel}","templated":true}]}}