{"id":1495,"date":"2023-04-01T08:31:54","date_gmt":"2023-04-01T06:31:54","guid":{"rendered":"https:\/\/blogs.elcomercio.es\/hispadata\/?p=1495"},"modified":"2023-04-01T08:31:54","modified_gmt":"2023-04-01T06:31:54","slug":"mundo-digital","status":"publish","type":"post","link":"https:\/\/blogs.elcomercio.es\/hispadata\/2023\/04\/01\/mundo-digital\/","title":{"rendered":"MUNDO DIGITAL"},"content":{"rendered":"<p>Resulta incuestionable que, de modo acelerado, nos estamos sumergiendo en una profunda transformaci\u00f3n digital, que nos llena de nuevas tecnolog\u00edas y que provoca profundos cambios no s\u00f3lo en las empresas, sino en la forma en que vivimos las personas en nuestro d\u00eda a d\u00eda. Estoy muy de acuerdo con lo que le\u00ed recientemente, relativo a que, con esta profunda transformaci\u00f3n, ya estamos inmersos en la Cuarta Revoluci\u00f3n Industrial.<br \/>\nPrimero, all\u00e1 por los a\u00f1os 80 a 90, los que trabaj\u00e1bamos en las empresas, entramos en un nuevo mundo, donde todo empezaba a informatizarse y esto nos oblig\u00f3 a adaptarnos, tanto a los procesos inform\u00e1ticos, muy complejos en aqu\u00e9l entonces, como a las formas de trabajo que exig\u00edan aquellos primeros ordenadores. En los tiempos actuales, hemos dejado atr\u00e1s el mundo anal\u00f3gico y de nuevo, nos estamos sumergiendo en una profunda transformaci\u00f3n digital que origina cambios tanto en los procesos de trabajo en las empresas, como en el modo y en la forma en que los ciudadanos gestionamos nuestra vida diaria.<br \/>\nSi miramos a los a\u00f1os pasados, recordaremos que all\u00e1 por los a\u00f1os 80, a\u00fan no hab\u00eda tel\u00e9fonos m\u00f3viles como los de ahora, no hab\u00eda ordenadores personales, no exist\u00eda internet y no us\u00e1bamos el correo electr\u00f3nico, pero, poco a poco, todo el mundo empezaba a hablar ya de inform\u00e1tica, sobre todo en las empresas. Mas tarde se empez\u00f3 a hablar de esta nueva tecnolog\u00eda, en nuestros hogares. En aquellos tiempos, aun no sab\u00edamos entender con claridad los cambios que se estaban produciendo, aunque s\u00ed que empez\u00e1bamos a notar que se estaba produciendo un cambio de bastante calado.<br \/>\nLlegamos a 2023 y creo que todos los ciudadanos vemos con claridad que, aquel proceso de informatizaci\u00f3n vivido a\u00f1os atr\u00e1s y que llev\u00f3 aparejada la aparici\u00f3n de ordenadores personales, de aplicaciones inform\u00e1ticas en cada empresa, redes corporativas, etc.es algo que ya se ha quedado anticuado, desde el momento en que, hoy en d\u00eda, estamos llenos de tecnolog\u00edas disruptivas de todo tipo.<br \/>\nPor ejemplo, el mundo de las comunicaciones est\u00e1 evolucionando a pasos agigantados. acelerando la transformaci\u00f3n digital en todos los sentidos, mediante la aparici\u00f3n de redes de fibra \u00f3ptica de alta velocidad, conexiones wifi, ordenadores personales, tabletas y tel\u00e9fonos inteligentes que son aut\u00e9nticos ordenadores de bolsillo. Para almacenar todos los datos que generamos en nuestro d\u00eda a d\u00eda, y no agotar la capacidad de almacenamiento de nuestros equipos, aparece el \u201ciCloud\u201d o computaci\u00f3n en la nube, sistema que nos permite tener todo en gigantescos ordenadores externos y a los que podemos acceder desde cualquier lugar y desde cualquier equipo.<br \/>\nConsecuencia de migrar a la nube todos nuestros datos y tambi\u00e9n por la progresiva evoluci\u00f3n de las comunicaciones, llegamos al internet de las cosas y a la dom\u00f3tica donde, mediante la que, dentro de nuestras propias casas, tanto de modo telem\u00e1tico, como utilizando nuestra propia voz, demos instrucciones para subir o bajar persianas, encender o apagar luces, poner la calefacci\u00f3n o pedir a nuestro frigor\u00edfico que nos diga los productos que faltan para ir a hacer las compras a la tienda. Y podemos seguir con el big data, la inteligencia artificial, la ciber seguridad, etc.<br \/>\nPara terminar, nos encontramos inmersos en una serie de tecnolog\u00edas emergentes y disruptivas que nos han metido de lleno en un proceso de profunda transformaci\u00f3n digital, mundo en el que, lamentablemente, las personas mayores van a tener muy serios problemas para adaptarse a el y necesitar\u00e1n de muchas ayudas, para reducir en lo posible, la brecha digital que sufren y padecen.<\/p>\n<!-- AddThis Advanced Settings generic via filter on the_content --><!-- AddThis Share Buttons generic via filter on the_content -->","protected":false},"excerpt":{"rendered":"<p>Resulta incuestionable que, de modo acelerado, nos estamos sumergiendo en una profunda transformaci\u00f3n digital, que nos llena de nuevas tecnolog\u00edas y que provoca profundos cambios no s\u00f3lo en las empresas, sino en la forma en que vivimos las personas en nuestro d\u00eda a d\u00eda. Estoy muy de acuerdo con lo que le\u00ed recientemente, relativo a [&hellip;]<!-- AddThis Advanced Settings generic via filter on get_the_excerpt --><!-- AddThis Share Buttons generic via filter on get_the_excerpt --><\/p>\n","protected":false},"author":17,"featured_media":0,"comment_status":"open","ping_status":"closed","sticky":false,"template":"","format":"standard","meta":[],"categories":[12,14],"tags":[],"_links":{"self":[{"href":"https:\/\/blogs.elcomercio.es\/hispadata\/wp-json\/wp\/v2\/posts\/1495"}],"collection":[{"href":"https:\/\/blogs.elcomercio.es\/hispadata\/wp-json\/wp\/v2\/posts"}],"about":[{"href":"https:\/\/blogs.elcomercio.es\/hispadata\/wp-json\/wp\/v2\/types\/post"}],"author":[{"embeddable":true,"href":"https:\/\/blogs.elcomercio.es\/hispadata\/wp-json\/wp\/v2\/users\/17"}],"replies":[{"embeddable":true,"href":"https:\/\/blogs.elcomercio.es\/hispadata\/wp-json\/wp\/v2\/comments?post=1495"}],"version-history":[{"count":1,"href":"https:\/\/blogs.elcomercio.es\/hispadata\/wp-json\/wp\/v2\/posts\/1495\/revisions"}],"predecessor-version":[{"id":1496,"href":"https:\/\/blogs.elcomercio.es\/hispadata\/wp-json\/wp\/v2\/posts\/1495\/revisions\/1496"}],"wp:attachment":[{"href":"https:\/\/blogs.elcomercio.es\/hispadata\/wp-json\/wp\/v2\/media?parent=1495"}],"wp:term":[{"taxonomy":"category","embeddable":true,"href":"https:\/\/blogs.elcomercio.es\/hispadata\/wp-json\/wp\/v2\/categories?post=1495"},{"taxonomy":"post_tag","embeddable":true,"href":"https:\/\/blogs.elcomercio.es\/hispadata\/wp-json\/wp\/v2\/tags?post=1495"}],"curies":[{"name":"wp","href":"https:\/\/api.w.org\/{rel}","templated":true}]}}