{"id":1518,"date":"2023-06-20T08:30:39","date_gmt":"2023-06-20T06:30:39","guid":{"rendered":"https:\/\/blogs.elcomercio.es\/hispadata\/?p=1518"},"modified":"2023-06-20T08:30:39","modified_gmt":"2023-06-20T06:30:39","slug":"andar-en-bicicleta-y-caminar","status":"publish","type":"post","link":"https:\/\/blogs.elcomercio.es\/hispadata\/2023\/06\/20\/andar-en-bicicleta-y-caminar\/","title":{"rendered":"ANDAR EN BICICLETA Y CAMINAR"},"content":{"rendered":"<p>Soy muy aficionado tanto a darme buenas palizas, pedaleando por las rutas de nuestra bonita Asturias, como a darme buenas caminatas por los senderos y caleyas que bordean la costa asturiana. Ambas actividades para mi son muy importantes, porque adem\u00e1s de que me permiten encontrarme y vivir las maravillas de nuestro para\u00edso natural, son muy buenas para mi salud, ya que contribuyen a que pueda mantenerme en forma y al tiempo retrasar los efectos del envejecimiento propio de mi edad.<\/p>\n<p>Todo hasta ah\u00ed muy bien, pero de pronto, navegando por la red, me encuentro con una informaci\u00f3n que me deja estupefacto y me obliga a realizar una profunda reflexi\u00f3n.\u00a0 Lo primero es que, por lo que he averiguado, se trata de un fake que circula por las redes, que se atribuye a un tal Joe Becigneul, CEO del Euro Exim Bank y que en tono sat\u00edrico habla de los efectos perniciosos de usar bicicletas e incluso caminar.<\/p>\n<p>El texto, traducido del ingl\u00e9s dice: \u201c<em>Un ciclista es un desastre para la econom\u00eda del pa\u00eds: no compra coches ni pide pr\u00e9stamos para pagarlos. No paga seguros de accidentes. No paga gasolina, no paga por el mantenimiento y las reparaciones necesarias. No usa aparcamientos de pago. No provoca accidentes graves. No necesita autopistas de varios carriles. No engorda. La gente saludable es lo menos necesario para la econom\u00eda. No compran medicinas. No van al hospital o al m\u00e9dico. No aportan al PIB del pa\u00eds.<\/em><\/p>\n<p><em>Por contra, cada nuevo restaurante de McDonald\u2019s crea por lo menos 30 puestos de trabajo: 10 cardi\u00f3logos, 10 dentistas, 10 dietistas expertos en nutrici\u00f3n, y obviamente, la gente que trabaja en los propios restaurantes. Por tanto, elige con cuidado: \u00bfCiclistas o McDonald\u2019s? Hay que tenerlo en cuenta. Pero, caminar es todav\u00eda peor, los peatones ni siquiera compran bicicletas.<\/em><\/p>\n<p>Me sorprende que este bulo que ya lleva circulando por las redes m\u00e1s de cuatro a\u00f1os, vuelve a ser viral y lo malo es que mucha gente, no s\u00e9 si suficientemente formada o no, se lo cree y por ello lo reenv\u00eda a su red de amigos. Por favor, no es bueno que hagamos esto que no ayuda a nadie y menos a\u00fan a nuestra econom\u00eda.<\/p>\n<p>La realidad es que el uso de la bicicleta participa en la actividad econ\u00f3mica de una manera viable y positiva, ya que permite y mejora la movilidad de las personas, contribuye a mejorar el medio ambiente, cooperando a la movilidad urbana y rediciendo las contaminaciones que generan los motores de los veh\u00edculos.\u00a0 Y adem\u00e1s de todo esto de por s\u00ed muy importante, contribuye a mejorar la salud del usuario.<\/p>\n<p>Desde el punto de vista econ\u00f3mico la bicicleta es un producto que, con su mayor uso, provoca un crecimiento importante de f\u00e1bricas, recambios, talleres de reparaci\u00f3n e incremento de mano de obra. A\u00f1adidamente a esto, el ciclista utiliza camisetas, pantalones, casco, gafas, zapatos, mochilas o recipientes para transportar agua y todos estos productos, a nadie se le puede escapar, tienen un precio y contribuyen al sostenimiento de f\u00e1bricas y tiendas especializadas, que a su vez provocan incremento de puestos de trabajo y riqueza.<\/p>\n<p>Y en lo que se refiere a los caminantes, quien puede creer que tambi\u00e9n somos perniciosos para la econom\u00eda. Desde el momento en que el caminar mejora nuestra salud, acudiremos menos a las consultas m\u00e9dicas y con ello reduciremos de modo ostensible el alto coste de nuestro sistema nacional de salud. Y al igual que los ciclistas, compraremos zapatillas y prendas deportivas, contribuyendo con ello a la mejora de la econom\u00eda.<\/p>\n<p>Por todo ello finalizo diciendo a mis queridos lectores: Haced como yo, caminad mucho y si pod\u00e9is, agenciaros una bicicleta para hacer bonitas rutas ciclistas.<\/p>\n<!-- AddThis Advanced Settings generic via filter on the_content --><!-- AddThis Share Buttons generic via filter on the_content -->","protected":false},"excerpt":{"rendered":"<p>Soy muy aficionado tanto a darme buenas palizas, pedaleando por las rutas de nuestra bonita Asturias, como a darme buenas caminatas por los senderos y caleyas que bordean la costa asturiana. Ambas actividades para mi son muy importantes, porque adem\u00e1s de que me permiten encontrarme y vivir las maravillas de nuestro para\u00edso natural, son muy [&hellip;]<!-- AddThis Advanced Settings generic via filter on get_the_excerpt --><!-- AddThis Share Buttons generic via filter on get_the_excerpt --><\/p>\n","protected":false},"author":17,"featured_media":0,"comment_status":"open","ping_status":"closed","sticky":false,"template":"","format":"standard","meta":[],"categories":[2,11,12],"tags":[],"_links":{"self":[{"href":"https:\/\/blogs.elcomercio.es\/hispadata\/wp-json\/wp\/v2\/posts\/1518"}],"collection":[{"href":"https:\/\/blogs.elcomercio.es\/hispadata\/wp-json\/wp\/v2\/posts"}],"about":[{"href":"https:\/\/blogs.elcomercio.es\/hispadata\/wp-json\/wp\/v2\/types\/post"}],"author":[{"embeddable":true,"href":"https:\/\/blogs.elcomercio.es\/hispadata\/wp-json\/wp\/v2\/users\/17"}],"replies":[{"embeddable":true,"href":"https:\/\/blogs.elcomercio.es\/hispadata\/wp-json\/wp\/v2\/comments?post=1518"}],"version-history":[{"count":1,"href":"https:\/\/blogs.elcomercio.es\/hispadata\/wp-json\/wp\/v2\/posts\/1518\/revisions"}],"predecessor-version":[{"id":1519,"href":"https:\/\/blogs.elcomercio.es\/hispadata\/wp-json\/wp\/v2\/posts\/1518\/revisions\/1519"}],"wp:attachment":[{"href":"https:\/\/blogs.elcomercio.es\/hispadata\/wp-json\/wp\/v2\/media?parent=1518"}],"wp:term":[{"taxonomy":"category","embeddable":true,"href":"https:\/\/blogs.elcomercio.es\/hispadata\/wp-json\/wp\/v2\/categories?post=1518"},{"taxonomy":"post_tag","embeddable":true,"href":"https:\/\/blogs.elcomercio.es\/hispadata\/wp-json\/wp\/v2\/tags?post=1518"}],"curies":[{"name":"wp","href":"https:\/\/api.w.org\/{rel}","templated":true}]}}