{"id":1521,"date":"2023-06-28T23:15:56","date_gmt":"2023-06-28T21:15:56","guid":{"rendered":"https:\/\/blogs.elcomercio.es\/hispadata\/?p=1521"},"modified":"2023-06-28T23:15:56","modified_gmt":"2023-06-28T21:15:56","slug":"talento-senior-2","status":"publish","type":"post","link":"https:\/\/blogs.elcomercio.es\/hispadata\/2023\/06\/28\/talento-senior-2\/","title":{"rendered":"TALENTO SENIOR"},"content":{"rendered":"<p>En la organizaci\u00f3n a la que pertenezco, Secot, nos estamos moviendo de modo continuado para que se oiga la voz de nuestro colectivo, compuesto por directivos de empresa jubilados y prejubilados, y para que se nos valore adecuadamente, dada la importancia que el colectivo senior tiene en el tejido social de nuestro pa\u00eds.<\/p>\n<p>Nosotros, tras nuestra jubilaci\u00f3n, en la mayor parte de los casos forzosa, queremos seguir estando activos, pretendemos ser \u00fatiles a la sociedad en la que vivimos y por eso, entre nuestras actividades de voluntariado, est\u00e1 el asesoramiento a emprendedores que desean poner en marcha un negocio, la colaboraci\u00f3n tanto con la Universidad como con los Centros de Formaci\u00f3n Profesional, para ayudar a los alumnos en la transici\u00f3n hacia el mundo de la empresa cuando finalizan sus estudios y a\u00f1adidamente a esas actividades, impartimos muchas charlas en Centros Sociales y Residencias de mayores, para tratar de reducir la importante brecha digital de las personas mayores.<\/p>\n<p>Otra de las actividades que realizamos, para no quedarnos atr\u00e1s, es formarnos de modo activo y continuado, tanto en las herramientas que nos proporcionan las nuevas tecnolog\u00edas, como en la actualizaci\u00f3n de nuestros conocimientos acad\u00e9micos anteriores, llegando hasta el extremo, incluso, que algunos de nosotros, muchos a\u00f1os despu\u00e9s de salir de la universidad, hemos vuelto a ella para licenciarnos o graduarnos en materias que nos interesan.<\/p>\n<p>La cruda realidad de nuestra sociedad actual es que, a partir de los 55 a\u00f1os, se expulsa del mercado laboral a personas con mucha experiencia en la empresa y en la propia vida, aun cuando por nuestra salud y nuestros conocimientos, podemos ser muy \u00fatiles en muy diferentes \u00e1mbitos. Al tiempo que se expulsa de las empresas a este talento senior, a edades muy tempranas, llega una poblaci\u00f3n joven bien preparada en nuevas tecnolog\u00edas. El problema es que, con unas tasas de natalidad extremadamente bajas, la pir\u00e1mide de la poblaci\u00f3n va cambiando y en las empresas, ciertamente hay j\u00f3venes con talento tecnol\u00f3gico, pero falta de modo manifiesto, ese otro talento que tiene altas capacidades de gesti\u00f3n y gran experiencia empresarial, como es la de los seniors que han sido excluidos del mundo laboral.<\/p>\n<p>Parece muy claro que el talento senior, mas all\u00e1 de tecnolog\u00edas, puede ser muy importante para resolver muchos problemas de las empresas y tambi\u00e9n de la propia sociedad y por ello es a todas luces necesario que los poderes del estado legislen y regulen la situaci\u00f3n de este colectivo que, por su experiencia, puede aportar mucho a nuestra sociedad.<\/p>\n<p>No es bueno que se deje a un lado al colectivo senior jubilado, de modo tan temprano y es necesaria una profunda reflexi\u00f3n. Es necesario que se cuente con estas personas tanto para que sigan en sus actividades en las empresas, como para que aporten sus conocimientos y experiencia en el mundo del voluntariado, como hacemos en Secot.<\/p>\n<p>Siempre que se habla de este mundo senior, se dice que alguien tiene que hacer algo, pero nosotros, en Secot, decimos que hay que empezar por uno mismo para elegir el camino que queremos seguir y para ofrec\u00e9rselo a la sociedad. Una vez tomada esta decisi\u00f3n, con todas las limitaciones y obst\u00e1culos que encontramos en las instituciones, que miran a otro lado o sencillamente nos ignoran, tratamos de mover voluntades tanto en el \u00e1mbito pol\u00edtico como en el empresarial, para conseguir que empiecen a contar m\u00e1s con nosotros que, de modo totalmente altruista, queremos aportar nuestra experiencia a la sociedad en la que vivimos.<\/p>\n<p>Esperemos que alguien escuche nuestras inquietudes y se ponga manos a la obra.<\/p>\n<!-- AddThis Advanced Settings generic via filter on the_content --><!-- AddThis Share Buttons generic via filter on the_content -->","protected":false},"excerpt":{"rendered":"<p>En la organizaci\u00f3n a la que pertenezco, Secot, nos estamos moviendo de modo continuado para que se oiga la voz de nuestro colectivo, compuesto por directivos de empresa jubilados y prejubilados, y para que se nos valore adecuadamente, dada la importancia que el colectivo senior tiene en el tejido social de nuestro pa\u00eds. Nosotros, tras [&hellip;]<!-- AddThis Advanced Settings generic via filter on get_the_excerpt --><!-- AddThis Share Buttons generic via filter on get_the_excerpt --><\/p>\n","protected":false},"author":17,"featured_media":0,"comment_status":"open","ping_status":"closed","sticky":false,"template":"","format":"standard","meta":[],"categories":[13],"tags":[],"_links":{"self":[{"href":"https:\/\/blogs.elcomercio.es\/hispadata\/wp-json\/wp\/v2\/posts\/1521"}],"collection":[{"href":"https:\/\/blogs.elcomercio.es\/hispadata\/wp-json\/wp\/v2\/posts"}],"about":[{"href":"https:\/\/blogs.elcomercio.es\/hispadata\/wp-json\/wp\/v2\/types\/post"}],"author":[{"embeddable":true,"href":"https:\/\/blogs.elcomercio.es\/hispadata\/wp-json\/wp\/v2\/users\/17"}],"replies":[{"embeddable":true,"href":"https:\/\/blogs.elcomercio.es\/hispadata\/wp-json\/wp\/v2\/comments?post=1521"}],"version-history":[{"count":1,"href":"https:\/\/blogs.elcomercio.es\/hispadata\/wp-json\/wp\/v2\/posts\/1521\/revisions"}],"predecessor-version":[{"id":1522,"href":"https:\/\/blogs.elcomercio.es\/hispadata\/wp-json\/wp\/v2\/posts\/1521\/revisions\/1522"}],"wp:attachment":[{"href":"https:\/\/blogs.elcomercio.es\/hispadata\/wp-json\/wp\/v2\/media?parent=1521"}],"wp:term":[{"taxonomy":"category","embeddable":true,"href":"https:\/\/blogs.elcomercio.es\/hispadata\/wp-json\/wp\/v2\/categories?post=1521"},{"taxonomy":"post_tag","embeddable":true,"href":"https:\/\/blogs.elcomercio.es\/hispadata\/wp-json\/wp\/v2\/tags?post=1521"}],"curies":[{"name":"wp","href":"https:\/\/api.w.org\/{rel}","templated":true}]}}