{"id":1526,"date":"2023-07-14T09:08:17","date_gmt":"2023-07-14T07:08:17","guid":{"rendered":"https:\/\/blogs.elcomercio.es\/hispadata\/?p=1526"},"modified":"2023-07-14T09:08:17","modified_gmt":"2023-07-14T07:08:17","slug":"la-generacion-de-los-50-2","status":"publish","type":"post","link":"https:\/\/blogs.elcomercio.es\/hispadata\/2023\/07\/14\/la-generacion-de-los-50-2\/","title":{"rendered":"LA GENERACI\u00d3N DE LOS 50"},"content":{"rendered":"<p>Los que como en mi caso nacimos en los a\u00f1os 50, haciendo un simple c\u00e1lculo, podemos comprobar que hemos vivido en ocho d\u00e9cadas diferentes, en dos siglos diferentes e igualmente en dos milenios diferentes, algo que nos ha llenado de muchas vivencias y nos ha permitido tener una enorme experiencia en los avatares de la vida.<\/p>\n<p>Nos iniciamos en el mundo de las comunicaciones con unas primarias redes telef\u00f3nicas en las que, para hacer llamadas a larga distancia, ten\u00edamos que contar con los servicios de una operadora a la que le ped\u00edamos que nos marcara un n\u00famero de tel\u00e9fono determinado. Pasamos de las cartas escritas a mano a teclearlas con una m\u00e1quina de escribir y de ah\u00ed llegamos a los correos electr\u00f3nicos o a las comunicaciones hechas por WhatsApp.<\/p>\n<p>Escuch\u00e1bamos en la radio los partidos de f\u00fatbol y despu\u00e9s pasamos a verlos en blanco y negro en unas rudimentarias televisiones, llegando en un gran salto a verlos en televisiones en color de alta definici\u00f3n. \u00cdbamos al videoclub a alquilar pel\u00edculas para verlas en casa y ahora recurrimos a Netflix, Amazon u otras plataformas, para encontrar cualquier pel\u00edcula o serie que nos apetezca. Pasamos de usar tarjetas perforadas y disquetes de baja capacidad, a tener megas, gigas e incluso teras, en un port\u00e1til, una Tablet e incluso en el propio tel\u00e9fono m\u00f3vil.<\/p>\n<p>Esquivamos epidemias como la de la par\u00e1lisis infantil, la meningitis, ha gripe H1N1 y ahora recientemente el Covid 19. Anduvimos en triciclos, patines, bicicletas, ciclomotores, coches con motores de gasolina o di\u00e9sel y ahora empezamos a usar veh\u00edculos h\u00edbridos o totalmente el\u00e9ctricos.<\/p>\n<p>Ciertamente hemos vivido y seguimos viviendo muchas cosas que pasan por delante de nosotros cada vez a mayor velocidad. Como he le\u00eddo en alg\u00fan lugar, podr\u00edamos calificarnos de \u201cexenials\u201d al ser personas que nacimos en los a\u00f1os 50 con una ni\u00f1ez anal\u00f3gica y con una edad adulta totalmente digitalizada. O tambi\u00e9n podr\u00edamos ser una especie de \u201cyahevistotodo\u201d<\/p>\n<p>Somos una generaci\u00f3n que, tras haber vivido ocho d\u00e9cadas diferentes, nos hemos adaptado y nos seguimos adaptando a los cambios cada vez m\u00e1s r\u00e1pidos, aunque soy consciente de que cada vez m\u00e1s, estamos teniendo bastantes dificultades para adaptarnos a esa evoluci\u00f3n tan r\u00e1pida de las nuevas tecnolog\u00edas.<\/p>\n<p>El tiempo cada vez se nos mueve m\u00e1s deprisa y cuando uno se da cuenta ya es lunes, cuando uno se da cuenta, ya termin\u00f3 el mes y cuando uno de da cuenta, ya termin\u00f3 el a\u00f1o. Cuando uno mira, ya pasaron 40,50,60 y 70 a\u00f1os.\u00a0 O miramos alrededor y ya no vemos a alguno de nuestros amigos.<\/p>\n<p>Por ello pienso que mi d\u00eda tiene que ser \u201choy y ahora\u201d. No debo dejar de hacer algo que me guste, por falta de tiempo, No estoy en edad de posponer algo para m\u00e1s tarde. Y, sobre todo, dado el caudal de experiencias vividas tanto en el \u00e1mbito personal como en el profesional, creo que es muy importante que pueda ayudar, sobre todo a personas mas j\u00f3venes, practicando el voluntariado social, como en mi caso hago siendo miembro de Secot. Y lo mas importante es que ayudando a otras personas, me estoy ayudando a mi mismo al poder seguir estando activo y actualizado.<\/p>\n<!-- AddThis Advanced Settings generic via filter on the_content --><!-- AddThis Share Buttons generic via filter on the_content -->","protected":false},"excerpt":{"rendered":"<p>Los que como en mi caso nacimos en los a\u00f1os 50, haciendo un simple c\u00e1lculo, podemos comprobar que hemos vivido en ocho d\u00e9cadas diferentes, en dos siglos diferentes e igualmente en dos milenios diferentes, algo que nos ha llenado de muchas vivencias y nos ha permitido tener una enorme experiencia en los avatares de la [&hellip;]<!-- AddThis Advanced Settings generic via filter on get_the_excerpt --><!-- AddThis Share Buttons generic via filter on get_the_excerpt --><\/p>\n","protected":false},"author":17,"featured_media":0,"comment_status":"open","ping_status":"closed","sticky":false,"template":"","format":"standard","meta":[],"categories":[11],"tags":[],"_links":{"self":[{"href":"https:\/\/blogs.elcomercio.es\/hispadata\/wp-json\/wp\/v2\/posts\/1526"}],"collection":[{"href":"https:\/\/blogs.elcomercio.es\/hispadata\/wp-json\/wp\/v2\/posts"}],"about":[{"href":"https:\/\/blogs.elcomercio.es\/hispadata\/wp-json\/wp\/v2\/types\/post"}],"author":[{"embeddable":true,"href":"https:\/\/blogs.elcomercio.es\/hispadata\/wp-json\/wp\/v2\/users\/17"}],"replies":[{"embeddable":true,"href":"https:\/\/blogs.elcomercio.es\/hispadata\/wp-json\/wp\/v2\/comments?post=1526"}],"version-history":[{"count":1,"href":"https:\/\/blogs.elcomercio.es\/hispadata\/wp-json\/wp\/v2\/posts\/1526\/revisions"}],"predecessor-version":[{"id":1527,"href":"https:\/\/blogs.elcomercio.es\/hispadata\/wp-json\/wp\/v2\/posts\/1526\/revisions\/1527"}],"wp:attachment":[{"href":"https:\/\/blogs.elcomercio.es\/hispadata\/wp-json\/wp\/v2\/media?parent=1526"}],"wp:term":[{"taxonomy":"category","embeddable":true,"href":"https:\/\/blogs.elcomercio.es\/hispadata\/wp-json\/wp\/v2\/categories?post=1526"},{"taxonomy":"post_tag","embeddable":true,"href":"https:\/\/blogs.elcomercio.es\/hispadata\/wp-json\/wp\/v2\/tags?post=1526"}],"curies":[{"name":"wp","href":"https:\/\/api.w.org\/{rel}","templated":true}]}}