{"id":1549,"date":"2023-09-19T09:20:52","date_gmt":"2023-09-19T07:20:52","guid":{"rendered":"https:\/\/blogs.elcomercio.es\/hispadata\/?p=1549"},"modified":"2023-09-19T09:20:52","modified_gmt":"2023-09-19T07:20:52","slug":"viajes-del-imserso","status":"publish","type":"post","link":"https:\/\/blogs.elcomercio.es\/hispadata\/2023\/09\/19\/viajes-del-imserso\/","title":{"rendered":"VIAJES DEL IMSERSO"},"content":{"rendered":"<p>En el pasado mes de junio, recib\u00ed una carta del Ministerio de Derechos Sociales, en la que me comunicaban que se hab\u00eda puesto en marcha el proceso para iniciar una nueva temporada del Programa de Turismo 2023\/2024, con la previsi\u00f3n de que esto comenzar\u00e1 en octubre. Como yo ya estoy acreditado dentro del programa, la carta me informaba de los tipos de viaje que puedo realizar. Finalizaba la carta dici\u00e9ndome: \u201cdeseando que pueda disfrutar del programa a plena satisfacci\u00f3n, reciba un afectuoso saludo\u201d.<\/p>\n<p>Pues hete aqu\u00ed que cuando ya estaba realizando planes para viajar, el pasado lunes 11 de septiembre, el Tribunal Administrativo Central de Recursos Contractuales, resolvi\u00f3 un recurso presentado por varios operadores tur\u00edsticos y dej\u00f3 bloqueada la adjudicaci\u00f3n de las 900.000 plazas previstas en el IMSERSO para la temporada. Como consecuencia de esta resoluci\u00f3n, el plan de viajes queda totalmente congelado y sin fechas de arranque previstas.<\/p>\n<p>Adem\u00e1s de haberse puesto en jaque las vacaciones de las personas mayores, que pod\u00edamos viajar a 52 destinos en toda Espa\u00f1a, la resoluci\u00f3n tambi\u00e9n pone en jaque al sector hotelero, ya que los viajes del IMSERSO resultan vitales para que puedan conseguir ingresos durante la temporada baja. Lamentablemente, no es la primera vez que, por irregularidades en el concurso al programa de Turismo Social, dependiente del Ministerio, las vacaciones de las personas mayores sufrieran importantes retrasos y restricciones.<\/p>\n<p>Resulta incuestionable que la gesti\u00f3n de Ione Belarra, ministra en funciones, ha sido y es manifiestamente desastrosa. No se ha tenido la mas m\u00ednima sensibilidad con las personas mayores y tampoco se ha tenido ninguna sensibilidad con la industria tur\u00edstica, que adem\u00e1s del ministerio de Belarra, se complementa tambi\u00e9n con la del ministro en funciones Alberto Garz\u00f3n, que, en ocasiones anteriores hab\u00eda infravalorado de modo manifiesto.<\/p>\n<p>Pero, adem\u00e1s de estos ministros en funciones, que, de modo descarado, no cumplen con su funci\u00f3n, hay un \u00faltimo responsable que es el presidente del Gobierno tambi\u00e9n en funciones, desde el momento en que acepta y consiente tanto desprop\u00f3sito.<\/p>\n<p>\u00bfNo ser\u00eda mas deseable que, en vez de dedicarse en cuerpo y alma a las guerras con el Partido Popular, que en vez de dedicarse a negociar con pr\u00f3fugos de la justicia, vali\u00e9ndose de la Vicepresidenta Yolanda D\u00edaz que viaj\u00f3 a B\u00e9lgica en Falcon, que en vez de dejarse torear por independentistas, con sus exigencias de refer\u00e9ndum y amnist\u00eda, el y sus ministros en funciones, se dedicaran a lo verdaderamente importante, que es el bienestar de las personas mayores que deseamos viajar, as\u00ed como dedicarse tambi\u00e9n a mejorar la econom\u00eda y mantener puestos de trabajo, evitando que muchos trabajadores de la hoteler\u00eda se vayan al paro, en el caso de que el programa siga cancelado?<\/p>\n<p>Tristemente esta es la Espa\u00f1a que sufrimos. En nuestro pa\u00eds los mayores y las empresas hoteleras, no importamos nada. Lo \u00fanico que importa a los que nos gobiernan y a los partidos pol\u00edticos sin excepci\u00f3n, es defender \u00fanica y exclusivamente, sus intereses personales y de partido, aunque esto provoque frentismo y divisi\u00f3n. Los ciudadanos importamos muy poco o nada.<\/p>\n<!-- AddThis Advanced Settings generic via filter on the_content --><!-- AddThis Share Buttons generic via filter on the_content -->","protected":false},"excerpt":{"rendered":"<p>En el pasado mes de junio, recib\u00ed una carta del Ministerio de Derechos Sociales, en la que me comunicaban que se hab\u00eda puesto en marcha el proceso para iniciar una nueva temporada del Programa de Turismo 2023\/2024, con la previsi\u00f3n de que esto comenzar\u00e1 en octubre. Como yo ya estoy acreditado dentro del programa, la [&hellip;]<!-- AddThis Advanced Settings generic via filter on get_the_excerpt --><!-- AddThis Share Buttons generic via filter on get_the_excerpt --><\/p>\n","protected":false},"author":17,"featured_media":0,"comment_status":"open","ping_status":"closed","sticky":false,"template":"","format":"standard","meta":[],"categories":[5,9,15],"tags":[],"_links":{"self":[{"href":"https:\/\/blogs.elcomercio.es\/hispadata\/wp-json\/wp\/v2\/posts\/1549"}],"collection":[{"href":"https:\/\/blogs.elcomercio.es\/hispadata\/wp-json\/wp\/v2\/posts"}],"about":[{"href":"https:\/\/blogs.elcomercio.es\/hispadata\/wp-json\/wp\/v2\/types\/post"}],"author":[{"embeddable":true,"href":"https:\/\/blogs.elcomercio.es\/hispadata\/wp-json\/wp\/v2\/users\/17"}],"replies":[{"embeddable":true,"href":"https:\/\/blogs.elcomercio.es\/hispadata\/wp-json\/wp\/v2\/comments?post=1549"}],"version-history":[{"count":1,"href":"https:\/\/blogs.elcomercio.es\/hispadata\/wp-json\/wp\/v2\/posts\/1549\/revisions"}],"predecessor-version":[{"id":1550,"href":"https:\/\/blogs.elcomercio.es\/hispadata\/wp-json\/wp\/v2\/posts\/1549\/revisions\/1550"}],"wp:attachment":[{"href":"https:\/\/blogs.elcomercio.es\/hispadata\/wp-json\/wp\/v2\/media?parent=1549"}],"wp:term":[{"taxonomy":"category","embeddable":true,"href":"https:\/\/blogs.elcomercio.es\/hispadata\/wp-json\/wp\/v2\/categories?post=1549"},{"taxonomy":"post_tag","embeddable":true,"href":"https:\/\/blogs.elcomercio.es\/hispadata\/wp-json\/wp\/v2\/tags?post=1549"}],"curies":[{"name":"wp","href":"https:\/\/api.w.org\/{rel}","templated":true}]}}