{"id":1552,"date":"2023-10-02T08:06:21","date_gmt":"2023-10-02T06:06:21","guid":{"rendered":"https:\/\/blogs.elcomercio.es\/hispadata\/?p=1552"},"modified":"2023-10-02T08:06:21","modified_gmt":"2023-10-02T06:06:21","slug":"derecho-frente-a-inteligencia-artificial","status":"publish","type":"post","link":"https:\/\/blogs.elcomercio.es\/hispadata\/2023\/10\/02\/derecho-frente-a-inteligencia-artificial\/","title":{"rendered":"DERECHO FRENTE A INTELIGENCIA ARTIFICIAL"},"content":{"rendered":"<p>En el pasado mes de junio, uno de mis hijos me facilit\u00f3 enlace a una aplicaci\u00f3n llamada ChatGPT y que por lo que pude ver, hab\u00eda empezado a usarse con un \u00e9xito total a finales de 2022, utilizando la inteligencia artificial generativa. Despu\u00e9s de un tiempo viendo tutoriales para manejar correctamente la aplicaci\u00f3n y despu\u00e9s de haber probado tambi\u00e9n otra herramienta, para utilizar el chat de viva voz en vez de utilizar el teclado, me decid\u00ed a empezar a manejar la aplicaci\u00f3n para ayudarme en la redacci\u00f3n de art\u00edculos y otros documentos.<\/p>\n<p>Por lo que he visto y comprobado, los modelos y textos de inteligencia artificial que hay detr\u00e1s de esta tecnolog\u00eda, se crean utilizando millones de datos que se encuentran en diferentes fuentes de internet. Es decir, la materia prima que se utiliza, es la que la inteligencia artificial encuentra en la red de redes, materia que, en la mayor parte de los casos, pertenece a autores que son los due\u00f1os de su propiedad intelectual y que adem\u00e1s deber\u00edan de tener asegurada su protecci\u00f3n de datos.<\/p>\n<p>Tanto es as\u00ed, que, para asegurarme de esto, ped\u00ed al chat que me documentara sobre titulares y materias de las que yo, tiempo atr\u00e1s, hab\u00eda tocado en art\u00edculos que hab\u00eda escrito en prensa o en mi blog. De modo sorprendente. me encontr\u00e9 que toda la informaci\u00f3n que se me pasaba, era copia literal de lo que yo hab\u00eda escrito antes. En consecuencia, se est\u00e1 vulnerando tanto mi propiedad intelectual, como mi derecho a la protecci\u00f3n de datos de car\u00e1cter personal. Esta es la verdadera historia de lo que se esconde bajo la superficie de lo que est\u00e1 ocurriendo.<\/p>\n<p>Por lo que he le\u00eddo, la clave de la inteligencia artificial son los datos y por esta causa, parece que existe una guerra oculta para conseguir estos datos y para ello, grandes laboratorios de IA est\u00e1n gastando cantidades ingentes de dinero para adquirir tokens (fichas) o para pagar a expertos que los generen mediante empresas de etiquetado.<\/p>\n<p>Est\u00e1 claro que, las empresas tecnol\u00f3gicas, \u00e1vidas de datos para entrenar a sus modelos, est\u00e1n recogiendo informaci\u00f3n sin el consentimiento de los autores de la misma y esto empieza a provocar un serio debate sobre el futuro de los derechos de autor, sobre la propiedad intelectual o sobre los derechos de imagen. Tanto las empresas como los creadores de contenidos, empezamos a darnos cuenta que nuestro trabajo y los contenidos que publicamos, empiezan a usarse en nuestra contra.<\/p>\n<p>Ante este escenario tan incontrolable, la Uni\u00f3n Europea ha entrado en el debate jur\u00eddico y est\u00e1 manteniendo negociaciones tendentes a dictar un esperado y necesario Reglamento de Inteligencia Artificial que antes hab\u00eda sido precedido de regulaciones por ejemplo del reconocimiento facial o la vigilancia biom\u00e9trica. Pero, como suele ocurrir, el derecho va mucho mas lento que el estallido de la IA.<\/p>\n<p>En nuestro pa\u00eds, esta nueva tecnolog\u00eda est\u00e1 provocando una gran revoluci\u00f3n en el sector legal y esto lleva a analizar en profundidad tanto consideraciones \u00e9ticas como a implantar un marco normativo. Tanto es as\u00ed que alg\u00fan magistrado del Tribunal Supremo y algunos relevantes juristas, est\u00e1n alertando sobre los grandes riesgos que est\u00e1 corriendo la propiedad intelectual, algo que ha de pasar por la aprobaci\u00f3n de normas legales que la protejan. Hay tambi\u00e9n algunos jueces y fiscales que empiezan a valorar los delitos que empiezan a cometerte por y con la IA.<\/p>\n<p>Est\u00e1 claro, por tanto, que, ante nosotros, tenemos un serio problema.<\/p>\n<!-- AddThis Advanced Settings generic via filter on the_content --><!-- AddThis Share Buttons generic via filter on the_content -->","protected":false},"excerpt":{"rendered":"<p>En el pasado mes de junio, uno de mis hijos me facilit\u00f3 enlace a una aplicaci\u00f3n llamada ChatGPT y que por lo que pude ver, hab\u00eda empezado a usarse con un \u00e9xito total a finales de 2022, utilizando la inteligencia artificial generativa. Despu\u00e9s de un tiempo viendo tutoriales para manejar correctamente la aplicaci\u00f3n y despu\u00e9s [&hellip;]<!-- AddThis Advanced Settings generic via filter on get_the_excerpt --><!-- AddThis Share Buttons generic via filter on get_the_excerpt --><\/p>\n","protected":false},"author":17,"featured_media":0,"comment_status":"open","ping_status":"closed","sticky":false,"template":"","format":"standard","meta":[],"categories":[3,4,14],"tags":[],"_links":{"self":[{"href":"https:\/\/blogs.elcomercio.es\/hispadata\/wp-json\/wp\/v2\/posts\/1552"}],"collection":[{"href":"https:\/\/blogs.elcomercio.es\/hispadata\/wp-json\/wp\/v2\/posts"}],"about":[{"href":"https:\/\/blogs.elcomercio.es\/hispadata\/wp-json\/wp\/v2\/types\/post"}],"author":[{"embeddable":true,"href":"https:\/\/blogs.elcomercio.es\/hispadata\/wp-json\/wp\/v2\/users\/17"}],"replies":[{"embeddable":true,"href":"https:\/\/blogs.elcomercio.es\/hispadata\/wp-json\/wp\/v2\/comments?post=1552"}],"version-history":[{"count":1,"href":"https:\/\/blogs.elcomercio.es\/hispadata\/wp-json\/wp\/v2\/posts\/1552\/revisions"}],"predecessor-version":[{"id":1553,"href":"https:\/\/blogs.elcomercio.es\/hispadata\/wp-json\/wp\/v2\/posts\/1552\/revisions\/1553"}],"wp:attachment":[{"href":"https:\/\/blogs.elcomercio.es\/hispadata\/wp-json\/wp\/v2\/media?parent=1552"}],"wp:term":[{"taxonomy":"category","embeddable":true,"href":"https:\/\/blogs.elcomercio.es\/hispadata\/wp-json\/wp\/v2\/categories?post=1552"},{"taxonomy":"post_tag","embeddable":true,"href":"https:\/\/blogs.elcomercio.es\/hispadata\/wp-json\/wp\/v2\/tags?post=1552"}],"curies":[{"name":"wp","href":"https:\/\/api.w.org\/{rel}","templated":true}]}}