{"id":1556,"date":"2023-10-23T22:44:45","date_gmt":"2023-10-23T20:44:45","guid":{"rendered":"https:\/\/blogs.elcomercio.es\/hispadata\/?p=1556"},"modified":"2023-10-23T22:44:45","modified_gmt":"2023-10-23T20:44:45","slug":"soy-un-fascista-3","status":"publish","type":"post","link":"https:\/\/blogs.elcomercio.es\/hispadata\/2023\/10\/23\/soy-un-fascista-3\/","title":{"rendered":"SOY UN FASCISTA"},"content":{"rendered":"<p>Soy un fascista. Esto es de lo que me han acusado algunos ciudadanos que se confiesan republicanos, de izquierdas y dem\u00f3cratas, con los que he mantenido un debate epistolar provocado por un comentario que he hecho en un grupo de<\/p>\n<p>una red social, que defiende una justicia imparcial.<\/p>\n<p>&nbsp;<\/p>\n<p>Soy un fascista porque a una maleducada interpelaci\u00f3n de unos ciudadanos que me preguntaron \u00bfa qu\u00e9 jugamos, Guillermito?, les contest\u00e9: &#8220;<em>Jugamos a una justicia imparcial, no politizada, independiente y sometida al estado de derecho \u00bfes poco? Y para conseguirla no son buenos los movimientos interesados, sean de un partido o de otro, ya que por esas v\u00edas no lo conseguiremos&#8221;. <\/em>Esos ciudadanos respondieron contundentemente diciendo que todos los que opin\u00e1bamos que hab\u00eda que dejar actuar a los jueces, \u00e9ramos unos fascistas.<\/p>\n<p>&nbsp;<\/p>\n<p>Soy un fascista porque estuve obligado a ir al servicio militar y all\u00ed, como era de rigor en las formaciones, tuve que decir &#8220;Viva Franco. Arriba Espa\u00f1a&#8221;. Claro que, o me un\u00eda a la manifestaci\u00f3n, o me llevaban a una prisi\u00f3n militar condenado por desacato. En cambio, los ciudadanos que ahora me tildan de fascista, en unos casos fueron a la mili igual que yo, hicieron lo mismo que yo, pero ahora reniegan de ello. En otros casos, fueron liberados de la mili porque ten\u00edan pies planos, o porque ten\u00edan un buen enchufe. Pero ellos no son fascistas.<\/p>\n<p>&nbsp;<\/p>\n<p>Soy un fascista porque estudi\u00e9 derecho y el t\u00edtulo, como era obligado, lo otorg\u00f3 El Caudillo de Espa\u00f1a por la gracia de Dios y porque para ejercer la profesi\u00f3n tuve que jurar las Leyes Fundamentales del Estado. En ese convulso periodo universitario corr\u00ed delante de los grises, sufr\u00ed algunas detenciones y me dieron unos cuantos toletazos. En cambio, algunos de esos que ahora me acusan de fascista, mientras yo corr\u00eda delante de los grises, estaban escondiditos y calladitos en sus casitas. Ahora algunos de esos que no daban la cara en ninguna manifestaci\u00f3n estudiantil contra el r\u00e9gimen, son diputados, senadores o concejales IU o PSOE y me acusan de fascista.<\/p>\n<p>&nbsp;<\/p>\n<p>Soy un fascista porque mi padre particip\u00f3 en la guerra civil en el bando republicano y termin\u00f3 en un campo de concentraci\u00f3n. Soy un fascista porque mi abuelo paterno desapareci\u00f3 en esa fratricida guerra y ahora puede que est\u00e9 en algunas de esas tumbas que quiere recuperar la Memoria Hist\u00f3rica. Soy un fascista porque mi abuelo materno se hart\u00f3 de hacer trincheras en el frente republicano. Y, ahora, algunos de esos ciudadanos que ten\u00edan padres funcionarios del R\u00e9gimen, que iban a campamentos de la OJE, que nunca dieron un palo al agua, que ahora viven de los presupuestos del Estado o de esas estupendas prejubilaciones que consiguieron los sindicatos, me dicen que yo soy un fascista por decir que hay que dejar que los jueces juzguen.<\/p>\n<p>&nbsp;<\/p>\n<p>Vamos a ver, gentes iletradas que presum\u00eds de izquierdas, que quer\u00e9is defender lo indefendible, enarbolando como eslogan la persecuci\u00f3n del franquismo, que acus\u00e1is de fascista a todo aqu\u00e9l que no piense como vosotros, que perd\u00e9is la visi\u00f3n global y s\u00f3lo os enroc\u00e1is en vuestras obtusas ideas \u00bfpor qu\u00e9 os empe\u00f1\u00e1is en volver atr\u00e1s? \u00bfpor qu\u00e9 os empe\u00f1\u00e1is en volver al frentismo que nos llev\u00f3 a una guerra civil? \u00bfpor qu\u00e9 acus\u00e1is de fascistas cuando vuestra actitud es totalitaria, antidemocr\u00e1tica y excluyente? \u00bfpor qu\u00e9 no acep\u00e1is que tenemos que entendernos? \u00bfpor qu\u00e9 no acept\u00e1is que el mundo evoluciona y nosotros tambi\u00e9n tenemos que avanzar y no retroceder? \u00bfpor qu\u00e9 no acept\u00e1is que la democracia es di\u00e1logo, compromiso y pacto? \u00bfen qu\u00e9 pa\u00eds vivimos?<\/p>\n<p>&nbsp;<\/p>\n<p>Lo siento, pero hoy estoy cabreado, muy cabreado y en modo alguno puedo aceptar ese atributo insultante de alguien que tiene que aplic\u00e1rselo a s\u00ed mismo. Fascistas o dictadores son los que quieren obligarte a que pienses como ellos. La democracia es otra cosa, se\u00f1ores totalitarios.<\/p>\n<!-- AddThis Advanced Settings generic via filter on the_content --><!-- AddThis Share Buttons generic via filter on the_content -->","protected":false},"excerpt":{"rendered":"<p>Soy un fascista. Esto es de lo que me han acusado algunos ciudadanos que se confiesan republicanos, de izquierdas y dem\u00f3cratas, con los que he mantenido un debate epistolar provocado por un comentario que he hecho en un grupo de una red social, que defiende una justicia imparcial. &nbsp; Soy un fascista porque a una [&hellip;]<!-- AddThis Advanced Settings generic via filter on get_the_excerpt --><!-- AddThis Share Buttons generic via filter on get_the_excerpt --><\/p>\n","protected":false},"author":17,"featured_media":0,"comment_status":"open","ping_status":"closed","sticky":false,"template":"","format":"standard","meta":[],"categories":[9],"tags":[],"_links":{"self":[{"href":"https:\/\/blogs.elcomercio.es\/hispadata\/wp-json\/wp\/v2\/posts\/1556"}],"collection":[{"href":"https:\/\/blogs.elcomercio.es\/hispadata\/wp-json\/wp\/v2\/posts"}],"about":[{"href":"https:\/\/blogs.elcomercio.es\/hispadata\/wp-json\/wp\/v2\/types\/post"}],"author":[{"embeddable":true,"href":"https:\/\/blogs.elcomercio.es\/hispadata\/wp-json\/wp\/v2\/users\/17"}],"replies":[{"embeddable":true,"href":"https:\/\/blogs.elcomercio.es\/hispadata\/wp-json\/wp\/v2\/comments?post=1556"}],"version-history":[{"count":1,"href":"https:\/\/blogs.elcomercio.es\/hispadata\/wp-json\/wp\/v2\/posts\/1556\/revisions"}],"predecessor-version":[{"id":1557,"href":"https:\/\/blogs.elcomercio.es\/hispadata\/wp-json\/wp\/v2\/posts\/1556\/revisions\/1557"}],"wp:attachment":[{"href":"https:\/\/blogs.elcomercio.es\/hispadata\/wp-json\/wp\/v2\/media?parent=1556"}],"wp:term":[{"taxonomy":"category","embeddable":true,"href":"https:\/\/blogs.elcomercio.es\/hispadata\/wp-json\/wp\/v2\/categories?post=1556"},{"taxonomy":"post_tag","embeddable":true,"href":"https:\/\/blogs.elcomercio.es\/hispadata\/wp-json\/wp\/v2\/tags?post=1556"}],"curies":[{"name":"wp","href":"https:\/\/api.w.org\/{rel}","templated":true}]}}