{"id":1558,"date":"2023-10-26T09:55:02","date_gmt":"2023-10-26T07:55:02","guid":{"rendered":"https:\/\/blogs.elcomercio.es\/hispadata\/?p=1558"},"modified":"2023-10-26T10:44:06","modified_gmt":"2023-10-26T08:44:06","slug":"que-nos-esta-pasando-2","status":"publish","type":"post","link":"https:\/\/blogs.elcomercio.es\/hispadata\/2023\/10\/26\/que-nos-esta-pasando-2\/","title":{"rendered":"\u00bfQUE NOS EST\u00c1 PASANDO?"},"content":{"rendered":"<p>&nbsp;<\/p>\n<p>El pasado d\u00eda 18 de agosto, en la ciudad francesa de Cherburgo, una mujer de 29 a\u00f1os, fue brutalmente violada varias veces por un joven de 18 a\u00f1os llamado Oumar, que entr\u00f3 en su domicilio forzando la puerta. No conforme con eso, el agresor empal\u00f3 a la v\u00edctima con un palo de escoba, provoc\u00e1ndole graves lesiones al perforarle la vagina, el colon, el intestino delgado y el peritoneo, provocando adem\u00e1s un colapso pulmonar y la fractura de costillas. Debati\u00e9ndose entre la vida y la muerte, consigui\u00f3 pedir auxilio y ser trasladada a un hospital, donde estuvo en estado cr\u00edtico varios d\u00edas, hasta ir recuper\u00e1ndose poco a poco, pese a las graves secuelas que le quedaron. El violador y casi asesino, Oumar, estaba fichado policialmente como consecuencia de anteriores fechor\u00edas que hab\u00eda cometido y era musulm\u00e1n.<\/p>\n<p>Esta noticia fue publicada en Francia en Le F\u00edgaro y en todos los medios period\u00edsticos, incluidos los espa\u00f1oles, no tuvo ninguna relevancia, ni tuvo ninguna movilizaci\u00f3n de protesta en ning\u00fan lado. S\u00f3lo los cirujanos, enfermeras y auxiliares que la atendieron y que nunca hab\u00edan visto nada parecido en su trayectoria profesional, intentaron protestar por lo que hab\u00edan conocido, pero sin ning\u00fan resultado.<\/p>\n<p>Unos d\u00edas antes de esta brutal agresi\u00f3n, un polic\u00eda franc\u00e9s se vio obligado a sacar su arma reglamentaria y disparar contra un joven llamado Nael, tambi\u00e9n musulm\u00e1n, que ten\u00eda antecedentes penales, que conduc\u00eda sin permiso de conducir y que, al darle el alto en un control, intent\u00f3 atropellar a los dos gendarmes. \u00a0Lamentablemente ese joven muri\u00f3 por el disparo y contrariamente a lo que sucedi\u00f3 en el caso anterior, provoc\u00f3 una ola de indignaci\u00f3n y disturbios en toda Francia, acontecimientos que obligaron a que el presidente Macr\u00f3n desplegara m\u00e1s de 2000 polic\u00edas y gendarmes, para controlar los disturbios.<\/p>\n<p>El l\u00edder de la izquierda radical Jean-Luk Melench\u00f3n sali\u00f3 a la palestra con una extremada dureza, diciendo que esta muerte compromete la autoridad del Estado, que la pena de muerte ya no existe en Francia y que hay que castigar al polic\u00eda asesino. Pero, sorprendentemente se limit\u00f3 a hacer mutis por el foro y no decir absolutamente nada de las violaciones y brutal agresi\u00f3n de la joven que viv\u00eda en Cherburgo.<\/p>\n<p>En nuestro pa\u00eds, unos meses antes, el piquito de Rubiales provoc\u00f3 y sigue provocando regueros de tinta en nuestra prensa diaria, ha movilizado a media Espa\u00f1a y ha provocado que en el debate interviniera hasta un alto cargo de la ONU, a la FIFA y a no s\u00e9 cu\u00e1ntas organizaciones m\u00e1s. Tambi\u00e9n ha provocado y provoca regueros de tinta, la noticia del asesinato de un colombiano en Tailandia provocado por el hijo del actor Jos\u00e9 Sancho.<\/p>\n<p>Mi pregunta es \u00bfQu\u00e9 provoca que una mujer violada y empalada y que se sigue debatiendo entre la vida y la muerte, apenas tenga ninguna relevancia ni nacional ni internacional y en cambio si la tenga la muerte de un musulm\u00e1n a causa del disparo de un polic\u00eda, el piquito de Rubiales o el episodio de Sancho? Para mi hay varias causas:<\/p>\n<p>Una es que Europa se est\u00e1 muriendo por causa de esa izquierda pol\u00edtica que antes s\u00f3lo se ocupaba de defender los derechos de los trabajadores y que ahora parece que se vuelca mas en provocar que aceptemos los burkas como algo progresista. Otra es que los ciudadanos nos hemos aborregado y ya no sabemos distinguir lo grave de lo menos grave, lo importante de lo no importante y llegamos al extremo de interesarnos m\u00e1s un piquito de un impresentable, que el brutal asesinato y violaci\u00f3n perpetrada por un musulm\u00e1n.<\/p>\n<p>Estoy convencido de que si en vez de un musulm\u00e1n, ese asesinato y violaci\u00f3n lo hubiere perpetrado un hombre europeo y la mujer se llamara Jalifa, la repercusi\u00f3n social habr\u00eda sido brutal y Melench\u00f3n, Belarra, Irene, Yolanda, etc. estar\u00edan atizando el fuego sin parar. \u00bfqu\u00e9 nos est\u00e1 pasando? Esto es inconcebible.<\/p>\n<!-- AddThis Advanced Settings generic via filter on the_content --><!-- AddThis Share Buttons generic via filter on the_content -->","protected":false},"excerpt":{"rendered":"<p>&nbsp; El pasado d\u00eda 18 de agosto, en la ciudad francesa de Cherburgo, una mujer de 29 a\u00f1os, fue brutalmente violada varias veces por un joven de 18 a\u00f1os llamado Oumar, que entr\u00f3 en su domicilio forzando la puerta. No conforme con eso, el agresor empal\u00f3 a la v\u00edctima con un palo de escoba, provoc\u00e1ndole [&hellip;]<!-- AddThis Advanced Settings generic via filter on get_the_excerpt --><!-- AddThis Share Buttons generic via filter on get_the_excerpt --><\/p>\n","protected":false},"author":17,"featured_media":0,"comment_status":"open","ping_status":"closed","sticky":false,"template":"","format":"standard","meta":[],"categories":[8,9],"tags":[],"_links":{"self":[{"href":"https:\/\/blogs.elcomercio.es\/hispadata\/wp-json\/wp\/v2\/posts\/1558"}],"collection":[{"href":"https:\/\/blogs.elcomercio.es\/hispadata\/wp-json\/wp\/v2\/posts"}],"about":[{"href":"https:\/\/blogs.elcomercio.es\/hispadata\/wp-json\/wp\/v2\/types\/post"}],"author":[{"embeddable":true,"href":"https:\/\/blogs.elcomercio.es\/hispadata\/wp-json\/wp\/v2\/users\/17"}],"replies":[{"embeddable":true,"href":"https:\/\/blogs.elcomercio.es\/hispadata\/wp-json\/wp\/v2\/comments?post=1558"}],"version-history":[{"count":2,"href":"https:\/\/blogs.elcomercio.es\/hispadata\/wp-json\/wp\/v2\/posts\/1558\/revisions"}],"predecessor-version":[{"id":1560,"href":"https:\/\/blogs.elcomercio.es\/hispadata\/wp-json\/wp\/v2\/posts\/1558\/revisions\/1560"}],"wp:attachment":[{"href":"https:\/\/blogs.elcomercio.es\/hispadata\/wp-json\/wp\/v2\/media?parent=1558"}],"wp:term":[{"taxonomy":"category","embeddable":true,"href":"https:\/\/blogs.elcomercio.es\/hispadata\/wp-json\/wp\/v2\/categories?post=1558"},{"taxonomy":"post_tag","embeddable":true,"href":"https:\/\/blogs.elcomercio.es\/hispadata\/wp-json\/wp\/v2\/tags?post=1558"}],"curies":[{"name":"wp","href":"https:\/\/api.w.org\/{rel}","templated":true}]}}