{"id":1568,"date":"2023-12-01T10:34:13","date_gmt":"2023-12-01T09:34:13","guid":{"rendered":"https:\/\/blogs.elcomercio.es\/hispadata\/?p=1568"},"modified":"2023-12-01T10:34:13","modified_gmt":"2023-12-01T09:34:13","slug":"despoblamiento-rural-asturiano","status":"publish","type":"post","link":"https:\/\/blogs.elcomercio.es\/hispadata\/2023\/12\/01\/despoblamiento-rural-asturiano\/","title":{"rendered":"DESPOBLAMIENTO RURAL ASTURIANO"},"content":{"rendered":"<p>En estos \u00faltimos a\u00f1os, durante mis paseos por zonas rurales asturianas, tanto en bicicleta como caminando, estoy apreciando c\u00f3mo en los pueblos, cada vez hay m\u00e1s casas abandonadas y menos vecinos. Veo que aquellos chigres o bares tienda, en los que me paraba para descansar y tomar algo, han ido desapareciendo y por tanto se ha perdido aquel lugar de encuentro donde los vecinos compraban cosas, charlaban y socializaban. Tampoco me encuentro con aquellos pastores con los que me paraba a charlar mientras estaban cuidando a sus vacas, cabras u ovejas, acompa\u00f1ados de su mast\u00edn.<\/p>\n<p>De este fen\u00f3meno que yo veo con mis propios ojos, se est\u00e1 hablando mucho en diferentes \u00e1mbitos y queda m\u00e1s que claro que el despoblamiento rural es una realidad, que es un fen\u00f3meno complejo y que se produce por diferentes causas.<\/p>\n<p>Una de ellas probablemente es el giro que ha dado la econom\u00eda asturiana, que ha sufrido una profunda transformaci\u00f3n y que ha pasado de estar basada en la industria sider\u00fargica, en los astilleros y en la miner\u00eda para estar centrada ahora en el \u00e1mbito de los servicios. Antes, con el auge de esta econom\u00eda industrial, muchos habitantes dejaron las zonas rurales donde viv\u00edan y emigraron a las \u00e1reas y zonas donde pod\u00edan encontrar empleo en estas actividades, algo que provoc\u00f3 el inicio del despoblamiento y la p\u00e9rdida de empleos en el sector primario.<\/p>\n<p>En una segunda fase, con el incremento de puestos de trabajo en el \u00e1mbito de los servicios, las zonas rurales dejaron de generar empleo u oportunidades y sus pobladores empezaron a trasladarse a las \u00e1reas urbanas como son Oviedo, Gij\u00f3n, Avil\u00e9s o Siero. Estos traslados de poblaci\u00f3n empezaron a provocar en los pueblos rurales la p\u00e9rdida de servicios b\u00e1sicos, como son las escuelas, la atenci\u00f3n m\u00e9dica o el transporte.\u00a0 Tampoco se ha invertido en las estructuras de comunicaciones y en muchos pueblos ni tan siquiera llega la fibra \u00f3ptica para facilitar las telecomunicaciones.<\/p>\n<p>Otro gran problema es el serio envejecimiento de la poblaci\u00f3n, algo que se transforma en el mayor desaf\u00edo al que se enfrenta el mundo rural asturiano. Los j\u00f3venes se marchan a las urbes en busca de empleo y oportunidades, dejando en los pueblos a la poblaci\u00f3n mayor, algo que provoca tambi\u00e9n que muchos habitantes de esos pueblos, con edades ya avanzadas, est\u00e9n obligados a marcharse a las urbes para tener mejor calidad de vida.<\/p>\n<p>Ante este estado de cosas, est\u00e1 mas que claro que nuestros pol\u00edticos y gobernantes deben de centrarse con rigor en la aplicaci\u00f3n de medidas, que permitan asentar poblaci\u00f3n en los lugares despoblados. Entre estas medidas habr\u00eda de estar la mejora de las infraestructuras e carreteras, de suministros de agua, de telefon\u00eda y de internet, adem\u00e1s de facilitar servicios b\u00e1sicos como la formaci\u00f3n, la atenci\u00f3n m\u00e9dica y el transporte p\u00fablico, algo que podr\u00eda permitir la creaci\u00f3n de empleos y la diversificaci\u00f3n de la econom\u00eda, provocando inversiones, por ejemplo en el turismo rural, en la agricultura sostenible o\u00a0 en la industria agroalimentaria, o en la industria del queso, dado que Asturias es una gran mancha quesera.<\/p>\n<p>Por lo que puedo ver en Secot, asociaci\u00f3n a la que pertenezco, en la formaci\u00f3n profesional deber\u00edan de potenciarse los programas de formaci\u00f3n y capacitaci\u00f3n para promover el emprendimiento rural y la creaci\u00f3n de microempresas. Desde la administraci\u00f3n deber\u00eda de reducirse la burocracia con el objetivo de facilitar el inicio de actividades emprendedoras. Por \u00faltimo, se necesitan ayudas fiscales y subvenciones para facilitar la compra de viviendas y la rehabilitaci\u00f3n de las mismas.<\/p>\n<p>En resumen, se necesita de una estrategia global a medio y largo plazo en la que se involucren tanto los gobernantes como el sector empresarial (emprendedores) y las instituciones educativas.<\/p>\n<!-- AddThis Advanced Settings generic via filter on the_content --><!-- AddThis Share Buttons generic via filter on the_content -->","protected":false},"excerpt":{"rendered":"<p>En estos \u00faltimos a\u00f1os, durante mis paseos por zonas rurales asturianas, tanto en bicicleta como caminando, estoy apreciando c\u00f3mo en los pueblos, cada vez hay m\u00e1s casas abandonadas y menos vecinos. Veo que aquellos chigres o bares tienda, en los que me paraba para descansar y tomar algo, han ido desapareciendo y por tanto se [&hellip;]<!-- AddThis Advanced Settings generic via filter on get_the_excerpt --><!-- AddThis Share Buttons generic via filter on get_the_excerpt --><\/p>\n","protected":false},"author":17,"featured_media":0,"comment_status":"open","ping_status":"closed","sticky":false,"template":"","format":"standard","meta":[],"categories":[5,9,15],"tags":[],"_links":{"self":[{"href":"https:\/\/blogs.elcomercio.es\/hispadata\/wp-json\/wp\/v2\/posts\/1568"}],"collection":[{"href":"https:\/\/blogs.elcomercio.es\/hispadata\/wp-json\/wp\/v2\/posts"}],"about":[{"href":"https:\/\/blogs.elcomercio.es\/hispadata\/wp-json\/wp\/v2\/types\/post"}],"author":[{"embeddable":true,"href":"https:\/\/blogs.elcomercio.es\/hispadata\/wp-json\/wp\/v2\/users\/17"}],"replies":[{"embeddable":true,"href":"https:\/\/blogs.elcomercio.es\/hispadata\/wp-json\/wp\/v2\/comments?post=1568"}],"version-history":[{"count":1,"href":"https:\/\/blogs.elcomercio.es\/hispadata\/wp-json\/wp\/v2\/posts\/1568\/revisions"}],"predecessor-version":[{"id":1569,"href":"https:\/\/blogs.elcomercio.es\/hispadata\/wp-json\/wp\/v2\/posts\/1568\/revisions\/1569"}],"wp:attachment":[{"href":"https:\/\/blogs.elcomercio.es\/hispadata\/wp-json\/wp\/v2\/media?parent=1568"}],"wp:term":[{"taxonomy":"category","embeddable":true,"href":"https:\/\/blogs.elcomercio.es\/hispadata\/wp-json\/wp\/v2\/categories?post=1568"},{"taxonomy":"post_tag","embeddable":true,"href":"https:\/\/blogs.elcomercio.es\/hispadata\/wp-json\/wp\/v2\/tags?post=1568"}],"curies":[{"name":"wp","href":"https:\/\/api.w.org\/{rel}","templated":true}]}}