{"id":1573,"date":"2024-01-08T20:38:11","date_gmt":"2024-01-08T19:38:11","guid":{"rendered":"https:\/\/blogs.elcomercio.es\/hispadata\/?p=1573"},"modified":"2024-01-08T20:38:11","modified_gmt":"2024-01-08T19:38:11","slug":"falta-de-principios-y-valores","status":"publish","type":"post","link":"https:\/\/blogs.elcomercio.es\/hispadata\/2024\/01\/08\/falta-de-principios-y-valores\/","title":{"rendered":"FALTA DE PRINCIPIOS Y VALORES"},"content":{"rendered":"<p>Tristemente, en los \u00faltimos a\u00f1os, nuestra democracia se ha ido degradando por la falta de principios y valores de las castas pol\u00edticas que se han ido instalando en el sistema, algo que nos ha llevado a tener una pol\u00edtica que tiene muchos s\u00edntomas de estar enferma, con unos partidos pol\u00edticos, que, en vez de pensar en los ciudadanos, s\u00f3lo persigue sus intereses personales y de partido y con unos\u00a0 medios de comunicaci\u00f3n en los que los informadores y los presentadores, han abandonado la neutralidad e imparcialidad que exig\u00edan sus c\u00f3digos \u00e9ticos.<\/p>\n<p>El primer s\u00edntoma de enfermedad lo tenemos en un presidente de gobierno que, con el \u00fanico objetivo de mantenerse en el poder, ha ido mintiendo de modo descarado a los ciudadanos, diciendo primero que nunca pactar\u00eda con los independentistas, con Bildu, o que no podr\u00eda dormir si gobernara con Pablo Iglesias. Pero hete aqu\u00ed que, para seguir en La Moncloa, ahora se desdice de lo dicho, y pacta con Bildu, con independentistas, con nacionalistas y si fuere necesario, hasta con el mismo diablo. Est\u00e1 claro que ha traicionado esos principios y esos valores que prometi\u00f3 defender cuando tom\u00f3 posesi\u00f3n de su cargo.<\/p>\n<p>Otro s\u00edntoma de enfermedad lo tenemos en la degradaci\u00f3n de un Tribunal Constitucional, que ha ido evolucionando, pasando de ser, seg\u00fan su Ley Org\u00e1nica, un \u00f3rgano independiente en su funci\u00f3n como interprete supremo de la Constituci\u00f3n, a ser un mero ap\u00e9ndice del Congreso y que se pone al lado de quien gobierna, dictando unas sentencias que rallan la prevaricaci\u00f3n al aplicar criterios partidistas y no jur\u00eddicamente constitucionales. Evidencia esto que se est\u00e1 vulnerando el Estado de Derecho, desde el momento en que, como criterio s\u00f3lo se utiliza la voluntad de las mayor\u00edas parlamentarias, en vez de los criterios de nuestra Constituci\u00f3n.<\/p>\n<p>El tercer s\u00edntoma son los serios ataques que est\u00e1 sufriendo el poder judicial, algo que cercena su independencia, as\u00ed como la necesaria separaci\u00f3n de poderes. No es de recibo que ahora los jueces sean atacados por los independentistas, en el parlamento y en el senado, llam\u00e1ndolos indecentes y diciendo que son personas que deber\u00edan de ser cesadas o juzgadas, y todo esto ocurre con la total inacci\u00f3n y silencio del gobierno.<\/p>\n<p>El doctor y psic\u00f3logo Robert Hare estableci\u00f3 claramente en sus estudios, el diagn\u00f3stico de la psicopat\u00eda y dijo que, aunque muchos pol\u00edticos sean simplemente mentirosos sin ser forzosamente psic\u00f3patas, la pol\u00edtica es un medio fant\u00e1stico y un ambiente ideal para que los psic\u00f3patas se desarrollen. Con este caldo de cultivo hemos vivido abusos por parte de los dos grandes partidos pol\u00edticos que nos han gobernado y que siempre pretendieron colonizar todo el poder.<\/p>\n<p>El resultado final de todo esto es que, pese al mandato constitucional de crear partidos al servicio del Estado, el sistema se ha ido transformando y se ha creado un Estado al servicio de los partidos. En este escenario, todo se ha polarizado y unos acusan a la derecha de radical y totalitaria, mientras que los otros acusan a la izquierda de extremista y de peligrosa ultraizquierda. Y en este escenario, donde no se produce ning\u00fan pacto de calado que beneficie al ciudadano de a pie, lo que est\u00e1 ocurriendo es que no se preserva su libertad, su dignidad, el orden social, la tolerancia en el pluralismo, o el respeto a la justicia y al imperio de la ley, ingredientes estos necesarios para llegar al fruto de la paz<\/p>\n<p>Si no vuelven a instaurarse los principios y valores que han de imperar en la clase pol\u00edtica, mal vamos.<\/p>\n<!-- AddThis Advanced Settings generic via filter on the_content --><!-- AddThis Share Buttons generic via filter on the_content -->","protected":false},"excerpt":{"rendered":"<p>Tristemente, en los \u00faltimos a\u00f1os, nuestra democracia se ha ido degradando por la falta de principios y valores de las castas pol\u00edticas que se han ido instalando en el sistema, algo que nos ha llevado a tener una pol\u00edtica que tiene muchos s\u00edntomas de estar enferma, con unos partidos pol\u00edticos, que, en vez de pensar [&hellip;]<!-- AddThis Advanced Settings generic via filter on get_the_excerpt --><!-- AddThis Share Buttons generic via filter on get_the_excerpt --><\/p>\n","protected":false},"author":17,"featured_media":0,"comment_status":"open","ping_status":"closed","sticky":false,"template":"","format":"standard","meta":[],"categories":[9,15],"tags":[],"_links":{"self":[{"href":"https:\/\/blogs.elcomercio.es\/hispadata\/wp-json\/wp\/v2\/posts\/1573"}],"collection":[{"href":"https:\/\/blogs.elcomercio.es\/hispadata\/wp-json\/wp\/v2\/posts"}],"about":[{"href":"https:\/\/blogs.elcomercio.es\/hispadata\/wp-json\/wp\/v2\/types\/post"}],"author":[{"embeddable":true,"href":"https:\/\/blogs.elcomercio.es\/hispadata\/wp-json\/wp\/v2\/users\/17"}],"replies":[{"embeddable":true,"href":"https:\/\/blogs.elcomercio.es\/hispadata\/wp-json\/wp\/v2\/comments?post=1573"}],"version-history":[{"count":1,"href":"https:\/\/blogs.elcomercio.es\/hispadata\/wp-json\/wp\/v2\/posts\/1573\/revisions"}],"predecessor-version":[{"id":1574,"href":"https:\/\/blogs.elcomercio.es\/hispadata\/wp-json\/wp\/v2\/posts\/1573\/revisions\/1574"}],"wp:attachment":[{"href":"https:\/\/blogs.elcomercio.es\/hispadata\/wp-json\/wp\/v2\/media?parent=1573"}],"wp:term":[{"taxonomy":"category","embeddable":true,"href":"https:\/\/blogs.elcomercio.es\/hispadata\/wp-json\/wp\/v2\/categories?post=1573"},{"taxonomy":"post_tag","embeddable":true,"href":"https:\/\/blogs.elcomercio.es\/hispadata\/wp-json\/wp\/v2\/tags?post=1573"}],"curies":[{"name":"wp","href":"https:\/\/api.w.org\/{rel}","templated":true}]}}