{"id":1576,"date":"2024-01-16T12:42:55","date_gmt":"2024-01-16T11:42:55","guid":{"rendered":"https:\/\/blogs.elcomercio.es\/hispadata\/?p=1576"},"modified":"2024-01-16T12:42:55","modified_gmt":"2024-01-16T11:42:55","slug":"ingreso-minimo-vital","status":"publish","type":"post","link":"https:\/\/blogs.elcomercio.es\/hispadata\/2024\/01\/16\/ingreso-minimo-vital\/","title":{"rendered":"INGRESO MINIMO VITAL"},"content":{"rendered":"<p>El Ingreso M\u00ednimo Vital establecido por Ley de junio de 2020, es una prestaci\u00f3n econ\u00f3mica dirigida a garantizar un nivel m\u00ednimo de ingresos a aquellas personas y familias en riesgo de vulnerabilidad econ\u00f3mica. Sustituy\u00f3 al salario social b\u00e1sico que gestionaban las comunidades aut\u00f3nomas y tiene como objetivo combatir la pobreza y la exclusi\u00f3n social. Todo suena muy bien y desde el Ministerio de turno no se hace mas que hacer propaganda de esta estupenda medida.<\/p>\n<p>&nbsp;<\/p>\n<p>Pero, transcurridos m\u00e1s de tres a\u00f1os desde su promulgaci\u00f3n, por lo que puedo ver en la ONG con la que colaboro, la gesti\u00f3n administrativa es desastrosa y hasta negligente, ya que deja a los beneficiarios en un total abandono, debido a que, aun cuando en un plazo de 30 d\u00edas desde la solicitud, deber\u00edan de recibir la prestaci\u00f3n, tardan pr\u00e1cticamente un a\u00f1o en cobrarla, si es que se les concede, y en algunos casos, por errores de la Administraci\u00f3n, una vez han cobrado la prestaci\u00f3n, se les exige su devoluci\u00f3n y esto provoca una deuda que en modo alguno pueden pagar.<\/p>\n<p>&nbsp;<\/p>\n<p>Los problemas de gesti\u00f3n son enormes y en los mas de tres a\u00f1os transcurridos desde la aprobaci\u00f3n de la ley, pr\u00e1cticamente no se ha hecho nada para resolverlos. La complejidad de la norma es tal que no hace posible realizar los abonos en un tiempo razonable.\u00a0 A esto se une el problema de unos sistemas inform\u00e1ticos llenos de fallos y dificultades t\u00e9cnicas. Adem\u00e1s de eso, para la mayor parte de los beneficiarios de la prestaci\u00f3n, resulta materialmente imposible cumplir con todos los requisitos y procedimientos de la solicitud, algo que dificulta enormemente el acceso a la ayuda.<\/p>\n<p>&nbsp;<\/p>\n<p>Nos encontramos tambi\u00e9n con una total falta de coordinaci\u00f3n entre el INSS y las comunidades aut\u00f3nomas, algo que obstaculiza la correcta aplicaci\u00f3n de la ayuda y por si esto fuere poco, seg\u00fan reconoce la propia administraci\u00f3n, la falta de recursos y de personal adecuado, afecta de modo muy negativo a la gesti\u00f3n eficiente de esta necesaria ayuda para muchas familias y personas vulnerables, algo que provoca el incumplimiento de ese prop\u00f3sito de la ley, de garantizar un m\u00ednimo de ingresos.<\/p>\n<p>&nbsp;<\/p>\n<p>El resultado final de toda esta inoperancia es que los solicitantes del IMV quedan decepcionados al enfrentarse a una larga carrera de obst\u00e1culos que para ellos supone no s\u00f3lo para presentar la solicitud, sino para aportar documentos que, en la mayor parte de los casos, van a aportar una informaci\u00f3n que, de oficio, la Administraci\u00f3n ya tiene.<\/p>\n<p>&nbsp;<\/p>\n<p>Es incuestionable que este tipo de ayudas no puede esperar y es rid\u00edculo ver que muchos beneficiarios han de presentar su solicitud dos y tres veces por una manifiesta negligencia administrativa. Frente a esta lamentable situaci\u00f3n, \u00bfc\u00f3mo es posible que ni los medios de comunicaci\u00f3n, ni en los debates pol\u00edticos, se hable del tema?<\/p>\n<p>&nbsp;<\/p>\n<p>En la asociaci\u00f3n con la que colaboro, tratamos de analizar con el m\u00e1ximo detalle tanto la documentaci\u00f3n que se presenta, como las solicitudes realizadas, para tratar de asesorar de la mejor manera posible a esas personas y familias beneficiarias, que se sienten solas y perdidas ante tanta burocracia. Como alguna asociaci\u00f3n ha dicho, la violencia institucional que sufren los beneficiarios para moverse por el laberinto burocr\u00e1tico en el que los meten, alcanza su m\u00e1xima expresi\u00f3n.<\/p>\n<p>&nbsp;<\/p>\n<p>De todos estos fallos y mal funcionamiento hay un protagonista que antes era el Sr. Escriv\u00e1 y ahora es el ministro que lo ha sustituido. Por favor, piensen de verdad en esas familias necesitadas, p\u00f3nganse las pilas y agilicen la gesti\u00f3n. \u00bfes pedir mucho?<\/p>\n<!-- AddThis Advanced Settings generic via filter on the_content --><!-- AddThis Share Buttons generic via filter on the_content -->","protected":false},"excerpt":{"rendered":"<p>El Ingreso M\u00ednimo Vital establecido por Ley de junio de 2020, es una prestaci\u00f3n econ\u00f3mica dirigida a garantizar un nivel m\u00ednimo de ingresos a aquellas personas y familias en riesgo de vulnerabilidad econ\u00f3mica. Sustituy\u00f3 al salario social b\u00e1sico que gestionaban las comunidades aut\u00f3nomas y tiene como objetivo combatir la pobreza y la exclusi\u00f3n social. Todo [&hellip;]<!-- AddThis Advanced Settings generic via filter on get_the_excerpt --><!-- AddThis Share Buttons generic via filter on get_the_excerpt --><\/p>\n","protected":false},"author":17,"featured_media":0,"comment_status":"open","ping_status":"closed","sticky":false,"template":"","format":"standard","meta":[],"categories":[5,9,15],"tags":[],"_links":{"self":[{"href":"https:\/\/blogs.elcomercio.es\/hispadata\/wp-json\/wp\/v2\/posts\/1576"}],"collection":[{"href":"https:\/\/blogs.elcomercio.es\/hispadata\/wp-json\/wp\/v2\/posts"}],"about":[{"href":"https:\/\/blogs.elcomercio.es\/hispadata\/wp-json\/wp\/v2\/types\/post"}],"author":[{"embeddable":true,"href":"https:\/\/blogs.elcomercio.es\/hispadata\/wp-json\/wp\/v2\/users\/17"}],"replies":[{"embeddable":true,"href":"https:\/\/blogs.elcomercio.es\/hispadata\/wp-json\/wp\/v2\/comments?post=1576"}],"version-history":[{"count":1,"href":"https:\/\/blogs.elcomercio.es\/hispadata\/wp-json\/wp\/v2\/posts\/1576\/revisions"}],"predecessor-version":[{"id":1577,"href":"https:\/\/blogs.elcomercio.es\/hispadata\/wp-json\/wp\/v2\/posts\/1576\/revisions\/1577"}],"wp:attachment":[{"href":"https:\/\/blogs.elcomercio.es\/hispadata\/wp-json\/wp\/v2\/media?parent=1576"}],"wp:term":[{"taxonomy":"category","embeddable":true,"href":"https:\/\/blogs.elcomercio.es\/hispadata\/wp-json\/wp\/v2\/categories?post=1576"},{"taxonomy":"post_tag","embeddable":true,"href":"https:\/\/blogs.elcomercio.es\/hispadata\/wp-json\/wp\/v2\/tags?post=1576"}],"curies":[{"name":"wp","href":"https:\/\/api.w.org\/{rel}","templated":true}]}}