{"id":1584,"date":"2024-02-16T12:45:18","date_gmt":"2024-02-16T11:45:18","guid":{"rendered":"https:\/\/blogs.elcomercio.es\/hispadata\/?p=1584"},"modified":"2024-02-16T12:45:18","modified_gmt":"2024-02-16T11:45:18","slug":"yo-soy-el-culpable","status":"publish","type":"post","link":"https:\/\/blogs.elcomercio.es\/hispadata\/2024\/02\/16\/yo-soy-el-culpable\/","title":{"rendered":"YO SOY EL CULPABLE"},"content":{"rendered":"<p>Que nieve o no nieve en invierno, que haga calor o frio en invierno o verano, son circunstancias que se atribuyen al cambio clim\u00e1tico y aunque haya cat\u00e1strofes naturales o haya bosques que se queman por falta de cuidado, el culpable de lo que nos est\u00e1 pasando soy yo, ya que, como no ejerzo de\u00a0 ecologista, voy a ser acusado de incidir en el cambio clim\u00e1tico, al coger el coche para ir al trabajo y ganarme la vida dignamente o incluso para ir a pasar el fin de semana en una seguida vivienda que tengo en la playa.<\/p>\n<p>Por el contrario, esos gobernantes o esos grandes empresarios que fletan todos los d\u00edas aviones privados, helic\u00f3pteros, o multitud de coches oficiales para desplazarse de un lado a otro, aunque sea un viaje innecesario, no son culpables de nada.<\/p>\n<p>El culpable soy yo ganadero, que tengo una peque\u00f1a cuadra y las vacas tiran pedos que contaminan el medio ambiente al soltar gas metano. El culpable soy yo agricultor que no tengo certificado medioambiental y que, aunque pierda dinero con mis cortas cosechas, sigo cultivando productos hort\u00edcolas. El culpable soy yo, agricultor y ganadero, que siempre he preservado el campo y los montes para proteger el medio ambiente y para evitar incendios, y no esas enormes multinacionales, que aun cuando son las que m\u00e1s contaminan en el mundo, nos proponen y facilitan el consumo de productos procedentes del otro extremo del planeta. \u00a0El culpable soy yo, ciudadano de a pie, que compro carne y pescado natural, en vez de comer hamburguesas ecol\u00f3gicas o pescados procedentes de la acuicultura o piscifactor\u00eda.<\/p>\n<p>Esos nuevos ecologistas, que son tan cr\u00edticos con el ciudadano de la calle, son los que compran productos que seg\u00fan ellos son sostenibles (aunque contengan materias perjudiciales para la salud, seg\u00fan el lugar en que se elaboran) y que llegan a nuestros mercados tras un transporte en barcos y aviones que recorren miles de quil\u00f3metros de distancia.<\/p>\n<p>Esos que se erigen en defensores del planeta, son los que promueven el cierre de empresas espa\u00f1olas para tratar de imponer sus pol\u00edticas clim\u00e1ticas, aun cuando nuestro pa\u00eds s\u00f3lo representa el 0,8% del PIB. Y mientras esto est\u00e1 ocurriendo, nadie reconoce que nuestros oc\u00e9anos y mares est\u00e1n repletos de enormes buques que contaminan nuestras aguas o de aviones que contaminan el cielo, para transportar esos productos que se elaboran al otro lado del mundo y que, dicho sea de paso, por todo lo que se ha averiguado, son de inferior calidad a nuestros productos, adem\u00e1s de contener materias perjudiciales para la salud. Y mientras todo esto ocurre, a mi me culpabilizan por tener un coche viejo que contamina mucho y por ello, no puedo circular por dentro de algunas ciudades.<\/p>\n<p>Entre tanto que, por ejemplo, en el vecino Marruecos se abren centrales t\u00e9rmicas, aqu\u00ed se cierran, a mi me mandan al paro porque mi empresa contamina. Mientras esos globalistas consumen sin l\u00edmites, a mi me obligan a pasar hambre y frio. Esos multimillonarios ecologistas son los verdaderos culpables de dejar en la calle sin trabajo a miles de personas y de llevar a la pobreza a muchas familias. Y entre tanto hacen esto aqu\u00ed desmontando empresas, las trasladan a otros pa\u00edses contaminantes, en los que, adem\u00e1s, utilizan mano de obra esclava.\u00a0 El modelo de transici\u00f3n energ\u00e9tica que tenemos es que los poderosos, apoyados por los pol\u00edticos de turno, hagan lo que les venga en gana, perjudicando gravemente a esas familias que viven un aut\u00e9ntico infierno al quedarse sin un trabajo digno.<\/p>\n<p>Ante este sinsentido, los ciudadanos de a pie, debemos de defender lo local frente a lo global, aplicando el sentido com\u00fan contra el fanatismo clim\u00e1tico. Debemos de defender a las familias espa\u00f1olas frente a ese exagerado globalismo. \u00a0\u00bfser\u00e1 pedir mucho?<\/p>\n<!-- AddThis Advanced Settings generic via filter on the_content --><!-- AddThis Share Buttons generic via filter on the_content -->","protected":false},"excerpt":{"rendered":"<p>Que nieve o no nieve en invierno, que haga calor o frio en invierno o verano, son circunstancias que se atribuyen al cambio clim\u00e1tico y aunque haya cat\u00e1strofes naturales o haya bosques que se queman por falta de cuidado, el culpable de lo que nos est\u00e1 pasando soy yo, ya que, como no ejerzo de\u00a0 [&hellip;]<!-- AddThis Advanced Settings generic via filter on get_the_excerpt --><!-- AddThis Share Buttons generic via filter on get_the_excerpt --><\/p>\n","protected":false},"author":17,"featured_media":0,"comment_status":"open","ping_status":"closed","sticky":false,"template":"","format":"standard","meta":[],"categories":[5,9,15],"tags":[],"_links":{"self":[{"href":"https:\/\/blogs.elcomercio.es\/hispadata\/wp-json\/wp\/v2\/posts\/1584"}],"collection":[{"href":"https:\/\/blogs.elcomercio.es\/hispadata\/wp-json\/wp\/v2\/posts"}],"about":[{"href":"https:\/\/blogs.elcomercio.es\/hispadata\/wp-json\/wp\/v2\/types\/post"}],"author":[{"embeddable":true,"href":"https:\/\/blogs.elcomercio.es\/hispadata\/wp-json\/wp\/v2\/users\/17"}],"replies":[{"embeddable":true,"href":"https:\/\/blogs.elcomercio.es\/hispadata\/wp-json\/wp\/v2\/comments?post=1584"}],"version-history":[{"count":1,"href":"https:\/\/blogs.elcomercio.es\/hispadata\/wp-json\/wp\/v2\/posts\/1584\/revisions"}],"predecessor-version":[{"id":1585,"href":"https:\/\/blogs.elcomercio.es\/hispadata\/wp-json\/wp\/v2\/posts\/1584\/revisions\/1585"}],"wp:attachment":[{"href":"https:\/\/blogs.elcomercio.es\/hispadata\/wp-json\/wp\/v2\/media?parent=1584"}],"wp:term":[{"taxonomy":"category","embeddable":true,"href":"https:\/\/blogs.elcomercio.es\/hispadata\/wp-json\/wp\/v2\/categories?post=1584"},{"taxonomy":"post_tag","embeddable":true,"href":"https:\/\/blogs.elcomercio.es\/hispadata\/wp-json\/wp\/v2\/tags?post=1584"}],"curies":[{"name":"wp","href":"https:\/\/api.w.org\/{rel}","templated":true}]}}