{"id":1593,"date":"2024-03-30T08:19:06","date_gmt":"2024-03-30T07:19:06","guid":{"rendered":"https:\/\/blogs.elcomercio.es\/hispadata\/?p=1593"},"modified":"2024-03-30T08:19:37","modified_gmt":"2024-03-30T07:19:37","slug":"vestir-bien","status":"publish","type":"post","link":"https:\/\/blogs.elcomercio.es\/hispadata\/2024\/03\/30\/vestir-bien\/","title":{"rendered":"VESTIR BIEN"},"content":{"rendered":"<p>\u00bfqu\u00e9 es vestir bien? Yo ahora, como soy un jub\u00edleta y no tengo que vestirme como visten los profesionales en las organizaciones y en los sectores donde trabajaba, suelo salir a la calle con unos pantalones tejanos o con una indumentaria casual que me resulta muy c\u00f3moda y que incluso parece mas propia de las personas m\u00e1s j\u00f3venes. Ahora, en esta nueva situaci\u00f3n, estas indumentarias informales, forman parte de mi identidad, pero, en modo alguno se puede confundir esto con lo que significa vestir bien, tanto en el \u00e1mbito profesional, como en ciertos actos sociales.<\/p>\n<p>Cuando salgo a mi aire, me pongo unos c\u00f3modos tejanos desgastados de tanto uso, unas camisas viejas o unos jers\u00e9is que incluso tienen agujeros de polillas, prendas que sigo poniendo, porque les tengo mucho cari\u00f1o. Cualquier cosa que me resulte c\u00f3moda, me la pongo, aunque parezca un personaje caduco. Hasta mi mujer me reprende y me dice que me quite esa camisa tan desgastada y que la tire a la basura, ya que voy hecho un adefesio.<\/p>\n<p>Pero, dicho esto, reconozco abiertamente que esta ropa informal que ahora uso instintivamente, no es adecuada ni para el trabajo ni para muchos actos sociales en los que participo y que requieren de una indumentaria m\u00e1s formal. De hecho, cuando voy a dar charlas a los centros de FP, para ayudar a los alumnos a afrontar una entrevista de trabajo, me presento en el aula con traje y corbata enteramente formal, para ayudarlos a que entiendan que la indumentaria que utilicen, va a ser muy importante en una entrevista de trabajo.<\/p>\n<p>Siempre destaco que hay que vestirse bien para tener \u00e9xito, pero que esto no significa que tenga que llevar trajes de alta gama, ya que, de hecho, en los entornos laborales actuales, esto incluso podr\u00eda ser inapropiado o estirado. Una cosa es ir elegante o arreglado y otra es ir vestido de modo ostentoso. En el mundo profesional, vestirse adecuadamente es tener un aspecto personal acorde con la estructura de la empresa y que no tiene nada que ver como vistes en fin de semana o cuando est\u00e1s en casa.<\/p>\n<p>En algunos lugares de trabajo implicar\u00e1 el uso de traje, en otros significar\u00e1, como se dice ahora, moda casual o informal de los negocios, en otros implicar\u00e1 uniformes empresariales, pero, en cualquier caso, nunca se podr\u00e1 aceptar \u201ccualquier cosa\u201d, ni incluso cuando teletrabajes e interact\u00faes por videoconferencia, ya que tus interlocutores tambi\u00e9n van a valorar tu indumentaria. Pero, incluso, algunos que teletrabajan desde sus casas, visten traje y corbata, aun cuando est\u00e1n solos porque dicen que esta indumentaria les recuerda que tienen un trabajo que hacer y que est\u00e1n trabajando.<\/p>\n<p>La realidad es que en el d\u00eda a d\u00eda, los seres humanos nos formamos opiniones sobre otras personas, con apenas un vistazo. Y estas opiniones, mas all\u00e1 que en la cara, est\u00e1n basadas en la indumentaria que vestimos y de ah\u00ed que la primera impresi\u00f3n tiene que ver con nuestra vestimenta. Por ello, una vez que tus jefes, compa\u00f1eros o personas ajenas a la empresa, tengan formada una impresi\u00f3n tuya como profesional competente y vestido adecuadamente, tendr\u00e1s mucho margen de maniobra y esto no impedir\u00e1 que un fin de semana andes con ropa de gimnasio o vestido de modo informal, ya que quien te vea interpretar\u00e1 que vas vestido con la comodidad espec\u00edfica de esa situaci\u00f3n.<\/p>\n<p>Pero, si siempre fueres vestido con ropa de gimnasio o con pantal\u00f3n corto, incluso cuando te re\u00fanes con compa\u00f1eros de trabajo, con clientes o con personas que trabajan para ti, muchas de estas personas probablemente interpretar\u00e1n que te importa poco tu trabajo y tu empleo.<\/p>\n<p>Concluyo por tanto diciendo que es importante vestir bien para tener \u00e9xito profesional y tambi\u00e9n para mostrar respeto a la empresa que te paga, a tus compa\u00f1eros de trabajo y a tus clientes. Esto es lo que marca la diferencia.<\/p>\n<!-- AddThis Advanced Settings generic via filter on the_content --><!-- AddThis Share Buttons generic via filter on the_content -->","protected":false},"excerpt":{"rendered":"<p>\u00bfqu\u00e9 es vestir bien? Yo ahora, como soy un jub\u00edleta y no tengo que vestirme como visten los profesionales en las organizaciones y en los sectores donde trabajaba, suelo salir a la calle con unos pantalones tejanos o con una indumentaria casual que me resulta muy c\u00f3moda y que incluso parece mas propia de las [&hellip;]<!-- AddThis Advanced Settings generic via filter on get_the_excerpt --><!-- AddThis Share Buttons generic via filter on get_the_excerpt --><\/p>\n","protected":false},"author":17,"featured_media":0,"comment_status":"open","ping_status":"closed","sticky":false,"template":"","format":"standard","meta":[],"categories":[11,15],"tags":[],"_links":{"self":[{"href":"https:\/\/blogs.elcomercio.es\/hispadata\/wp-json\/wp\/v2\/posts\/1593"}],"collection":[{"href":"https:\/\/blogs.elcomercio.es\/hispadata\/wp-json\/wp\/v2\/posts"}],"about":[{"href":"https:\/\/blogs.elcomercio.es\/hispadata\/wp-json\/wp\/v2\/types\/post"}],"author":[{"embeddable":true,"href":"https:\/\/blogs.elcomercio.es\/hispadata\/wp-json\/wp\/v2\/users\/17"}],"replies":[{"embeddable":true,"href":"https:\/\/blogs.elcomercio.es\/hispadata\/wp-json\/wp\/v2\/comments?post=1593"}],"version-history":[{"count":2,"href":"https:\/\/blogs.elcomercio.es\/hispadata\/wp-json\/wp\/v2\/posts\/1593\/revisions"}],"predecessor-version":[{"id":1595,"href":"https:\/\/blogs.elcomercio.es\/hispadata\/wp-json\/wp\/v2\/posts\/1593\/revisions\/1595"}],"wp:attachment":[{"href":"https:\/\/blogs.elcomercio.es\/hispadata\/wp-json\/wp\/v2\/media?parent=1593"}],"wp:term":[{"taxonomy":"category","embeddable":true,"href":"https:\/\/blogs.elcomercio.es\/hispadata\/wp-json\/wp\/v2\/categories?post=1593"},{"taxonomy":"post_tag","embeddable":true,"href":"https:\/\/blogs.elcomercio.es\/hispadata\/wp-json\/wp\/v2\/tags?post=1593"}],"curies":[{"name":"wp","href":"https:\/\/api.w.org\/{rel}","templated":true}]}}