{"id":290,"date":"2009-03-27T12:46:00","date_gmt":"2009-03-27T11:46:00","guid":{"rendered":"http:\/\/blogs.elcomercio.es\/hispadata\/2009\/03\/27\/la-crisis-traera-progresos\/"},"modified":"2009-03-27T12:46:00","modified_gmt":"2009-03-27T11:46:00","slug":"la-crisis-traera-progresos","status":"publish","type":"post","link":"https:\/\/blogs.elcomercio.es\/hispadata\/2009\/03\/27\/la-crisis-traera-progresos\/","title":{"rendered":"La crisis traer\u00e1 progresos"},"content":{"rendered":"<p><a href=\"http:\/\/3.bp.blogspot.com\/_1Ce0HZD8USI\/Scy-_Lz4y2I\/AAAAAAAAAkg\/Yj3EszzCwOQ\/s1600-h\/Einstein.jpg\" rel=\"external nofollow\"><img alt=\"\" src=\"\/\/3.bp.blogspot.com\/_1Ce0HZD8USI\/Scy-_Lz4y2I\/AAAAAAAAAkg\/Yj3EszzCwOQ\/s400\/Einstein.jpg\" border=\"0\" \/><\/a><\/p>\n<div>En este periodo de incertidumbre econ\u00f3mica, creo que resulta muy interesante releer lo que en su d\u00eda esribi\u00f3 Albert Einstein y que transcribo a continuaci\u00f3n:<\/div>\n<p><\/p>\n<div align=\"justify\"><strong>&#8220;No pretendamos que las cosas cambien si siempre hacemos lo mismo&#8221;.&#8221; La crisis es la mejor bendici\u00f3n que puede sucederle a personas y pa\u00edses porque la crisis trae progresos. <\/strong><\/div>\n<p><\/p>\n<div align=\"justify\"><strong>La creatividad nace de la angustia como el dia nace de la noche oscura.<\/strong><\/div>\n<p><\/p>\n<div align=\"justify\"><strong>Es en la crisis donde nace la inventiva, los descubrimientos y las grandes estrategias.<\/strong><\/div>\n<p><\/p>\n<div align=\"justify\"><strong>Quien supera la crisis se supera a si mismo sin quedar &#8220;superado&#8221;.<\/strong><\/div>\n<p><\/p>\n<div align=\"justify\"><strong>Quien atribuye a la crisis sus fracasos y penurias violenta su propio talento y respeta m\u00e1s a los problemas que a las soluciones.<\/strong><\/div>\n<p><\/p>\n<div align=\"justify\"><strong>La verdadera crisis es la crisis de la incompetencia.<\/strong><\/div>\n<p><\/p>\n<div align=\"justify\"><strong>El problema de las personas y los paises es la pereza para encontrar las salidas y soluciones.<\/strong><\/div>\n<p><\/p>\n<div align=\"justify\"><strong>Sin crisis no hay desaf\u00edos, sin desafios la vida es una rutina, una lenta agon\u00eda.Sin crisis no hay m\u00e9ritos.<\/strong><\/div>\n<p><\/p>\n<div align=\"justify\"><strong>Es en la crisis donde aflora lo mejor de cada uno, porque sin crisis todo viento es caricia.<\/strong><\/div>\n<p><\/p>\n<div align=\"justify\"><strong>Hablar de crisis es promoverla, y callar en la crisis es exaltar el conformismo.En vez de esto trabajemos duro.<\/strong><\/div>\n<p><\/p>\n<div align=\"justify\"><strong>Acabemos de una vez con la \u00fanica crisis amenazadora que es la tragedia de no querer luchar por superarla&#8221;.<\/strong> <\/div>\n<!-- AddThis Advanced Settings generic via filter on the_content --><!-- AddThis Share Buttons generic via filter on the_content -->","protected":false},"excerpt":{"rendered":"<p>En este periodo de incertidumbre econ\u00f3mica, creo que resulta muy interesante releer lo que en su d\u00eda esribi\u00f3 Albert Einstein y que transcribo a continuaci\u00f3n: &#8220;No pretendamos que las cosas cambien si siempre hacemos lo mismo&#8221;.&#8221; La crisis es la mejor bendici\u00f3n que puede sucederle a personas y pa\u00edses porque la crisis trae progresos. La [&hellip;]<!-- AddThis Advanced Settings generic via filter on get_the_excerpt --><!-- AddThis Share Buttons generic via filter on get_the_excerpt --><\/p>\n","protected":false},"author":17,"featured_media":0,"comment_status":"open","ping_status":"closed","sticky":false,"template":"","format":"standard","meta":[],"categories":[5,7,13,15],"tags":[],"_links":{"self":[{"href":"https:\/\/blogs.elcomercio.es\/hispadata\/wp-json\/wp\/v2\/posts\/290"}],"collection":[{"href":"https:\/\/blogs.elcomercio.es\/hispadata\/wp-json\/wp\/v2\/posts"}],"about":[{"href":"https:\/\/blogs.elcomercio.es\/hispadata\/wp-json\/wp\/v2\/types\/post"}],"author":[{"embeddable":true,"href":"https:\/\/blogs.elcomercio.es\/hispadata\/wp-json\/wp\/v2\/users\/17"}],"replies":[{"embeddable":true,"href":"https:\/\/blogs.elcomercio.es\/hispadata\/wp-json\/wp\/v2\/comments?post=290"}],"version-history":[{"count":0,"href":"https:\/\/blogs.elcomercio.es\/hispadata\/wp-json\/wp\/v2\/posts\/290\/revisions"}],"wp:attachment":[{"href":"https:\/\/blogs.elcomercio.es\/hispadata\/wp-json\/wp\/v2\/media?parent=290"}],"wp:term":[{"taxonomy":"category","embeddable":true,"href":"https:\/\/blogs.elcomercio.es\/hispadata\/wp-json\/wp\/v2\/categories?post=290"},{"taxonomy":"post_tag","embeddable":true,"href":"https:\/\/blogs.elcomercio.es\/hispadata\/wp-json\/wp\/v2\/tags?post=290"}],"curies":[{"name":"wp","href":"https:\/\/api.w.org\/{rel}","templated":true}]}}