{"id":363,"date":"2008-06-12T08:27:00","date_gmt":"2008-06-12T06:27:00","guid":{"rendered":"http:\/\/blogs.elcomercio.es\/hispadata\/2008\/06\/12\/la-ministra-aido-tiene-cona\/"},"modified":"2008-06-12T08:27:00","modified_gmt":"2008-06-12T06:27:00","slug":"la-ministra-aido-tiene-cona","status":"publish","type":"post","link":"https:\/\/blogs.elcomercio.es\/hispadata\/2008\/06\/12\/la-ministra-aido-tiene-cona\/","title":{"rendered":"La Ministra A\u00eddo tiene co\u00f1a"},"content":{"rendered":"<p>Si, s\u00ed, <span>cr\u00e9anselo<\/span> <span>Vdes<\/span>. adem\u00e1s de su ya caracter\u00edstica co\u00f1a marinera por lo de las escuelas de las emprendedoras o los tel\u00e9fonos que pone a disposici\u00f3n de los hombres confusos por eso del patriarcado, ahora quiere dar una patada al diccionario de la Real Academia, introduciendo el concepto &#8220;<span>miembra<\/span>&#8220;. Por tanto, como quiere poner nombre femenino a todo, a su \u00f3rgano sexual que por cierto tiene nombre masculino, a partir de ahora se referir\u00e1 a el llam\u00e1ndolo la co\u00f1a.<\/p>\n<p>Con la pol\u00edtica de parches y de <span>efectismos<\/span> <span>medi\u00e1ticos<\/span> que caracteriza a este Gobierno, no me <span>estra\u00f1a<\/span> que pasen estas cosas. En vez de un ministerio para la igualdad de g\u00e9nero, no ser\u00eda mejor un ministerio para la igualdad social de todos los ciudadanos?<\/p>\n<p>Me da la impresi\u00f3n que con las desafortunadas intervenciones de esta joven ministra, Do\u00f1a <span>Bibiana<\/span> va a terminar siendo objeto de linchamiento <span>medi\u00e1tico<\/span>. Se lo est\u00e1 ganando a pulso.<\/p>\n<!-- AddThis Advanced Settings generic via filter on the_content --><!-- AddThis Share Buttons generic via filter on the_content -->","protected":false},"excerpt":{"rendered":"<p>Si, s\u00ed, cr\u00e9anselo Vdes. adem\u00e1s de su ya caracter\u00edstica co\u00f1a marinera por lo de las escuelas de las emprendedoras o los tel\u00e9fonos que pone a disposici\u00f3n de los hombres confusos por eso del patriarcado, ahora quiere dar una patada al diccionario de la Real Academia, introduciendo el concepto &#8220;miembra&#8220;. Por tanto, como quiere poner nombre [&hellip;]<!-- AddThis Advanced Settings generic via filter on get_the_excerpt --><!-- AddThis Share Buttons generic via filter on get_the_excerpt --><\/p>\n","protected":false},"author":17,"featured_media":0,"comment_status":"open","ping_status":"closed","sticky":false,"template":"","format":"standard","meta":[],"categories":[15],"tags":[],"_links":{"self":[{"href":"https:\/\/blogs.elcomercio.es\/hispadata\/wp-json\/wp\/v2\/posts\/363"}],"collection":[{"href":"https:\/\/blogs.elcomercio.es\/hispadata\/wp-json\/wp\/v2\/posts"}],"about":[{"href":"https:\/\/blogs.elcomercio.es\/hispadata\/wp-json\/wp\/v2\/types\/post"}],"author":[{"embeddable":true,"href":"https:\/\/blogs.elcomercio.es\/hispadata\/wp-json\/wp\/v2\/users\/17"}],"replies":[{"embeddable":true,"href":"https:\/\/blogs.elcomercio.es\/hispadata\/wp-json\/wp\/v2\/comments?post=363"}],"version-history":[{"count":0,"href":"https:\/\/blogs.elcomercio.es\/hispadata\/wp-json\/wp\/v2\/posts\/363\/revisions"}],"wp:attachment":[{"href":"https:\/\/blogs.elcomercio.es\/hispadata\/wp-json\/wp\/v2\/media?parent=363"}],"wp:term":[{"taxonomy":"category","embeddable":true,"href":"https:\/\/blogs.elcomercio.es\/hispadata\/wp-json\/wp\/v2\/categories?post=363"},{"taxonomy":"post_tag","embeddable":true,"href":"https:\/\/blogs.elcomercio.es\/hispadata\/wp-json\/wp\/v2\/tags?post=363"}],"curies":[{"name":"wp","href":"https:\/\/api.w.org\/{rel}","templated":true}]}}