{"id":364,"date":"2008-06-11T18:02:00","date_gmt":"2008-06-11T16:02:00","guid":{"rendered":"http:\/\/blogs.elcomercio.es\/hispadata\/2008\/06\/11\/interpretacion-expansiva-del-reglamento-de-la-lopd\/"},"modified":"2008-06-11T18:02:00","modified_gmt":"2008-06-11T16:02:00","slug":"interpretacion-expansiva-del-reglamento-de-la-lopd","status":"publish","type":"post","link":"https:\/\/blogs.elcomercio.es\/hispadata\/2008\/06\/11\/interpretacion-expansiva-del-reglamento-de-la-lopd\/","title":{"rendered":"Interpretaci\u00f3n expansiva del Reglamento de la LOPD"},"content":{"rendered":"<p><a href=\"http:\/\/3.bp.blogspot.com\/_1Ce0HZD8USI\/SFAKYPkIupI\/AAAAAAAAAQ8\/GL6p13zUl1M\/s1600-h\/images%5B1%5D.jpg\" rel=\"external nofollow\"><img alt=\"\" src=\"\/\/3.bp.blogspot.com\/_1Ce0HZD8USI\/SFAKYPkIupI\/AAAAAAAAAQ8\/GL6p13zUl1M\/s400\/images%5B1%5D.jpg\" border=\"0\" \/><\/a><\/p>\n<div align=\"justify\">Esta ma\u00f1ana he asistido a una Jornada sobre el Reglamento de Desarrollo de la Ley Org\u00e1nica de Protecci\u00f3n de datos, en la que particip\u00f3 D. Jes\u00fas Rub\u00ed, Adjunto a la Agencia Espa\u00f1ola de Protecci\u00f3n de Datos.<\/div>\n<p><\/p>\n<div align=\"justify\"><\/div>\n<p><\/p>\n<div align=\"justify\">De todos los comentarios que realiz\u00f3 sobre el nuevo Reglamento y el Papel de la Agencia, me he quedado con dos comentarios que me han dejado verdaderamente preocupado.<\/div>\n<p><\/p>\n<div align=\"justify\"><\/div>\n<p><\/p>\n<div align=\"justify\">Uno en el que incidi\u00f3 varias veces, es la &#8220;<strong>interpretaci\u00f3n expansiva&#8221;. <\/strong>Es decir, la tendencia a incluir dentro del \u00e1mbito de protecci\u00f3n de la Ley y el Reglamento, toda una serie de materias que literalmente no est\u00e1n recogidas en el texto legal. <span>Olvid\u00e9mosnos<\/span> por tanto del conocido aforismo &#8220;<span>in<\/span> dubio pro reo&#8221;, que en este caso ser\u00eda &#8220;<span>in<\/span> dubio pro Agencia&#8221;.<\/div>\n<p><\/p>\n<div align=\"justify\"><\/div>\n<p><\/p>\n<div align=\"justify\">Otro, en el que tambi\u00e9n incidi\u00f3 al final de la sesi\u00f3n <span>fue<\/span> la clara advertencia de que aun hay poqu\u00edsimas empresas con sus ficheros registrados, y que por tanto hay una clara amenaza de inicio de procedimientos sancionadores. Se mostr\u00f3 bastante contundente en este sentido.<\/div>\n<p><\/p>\n<div align=\"justify\"><\/div>\n<p><\/p>\n<div align=\"justify\">As\u00ed que&#8230;.. <span>cuidadinnnnnnnnnnn<\/span><\/div>\n<!-- AddThis Advanced Settings generic via filter on the_content --><!-- AddThis Share Buttons generic via filter on the_content -->","protected":false},"excerpt":{"rendered":"<p>Esta ma\u00f1ana he asistido a una Jornada sobre el Reglamento de Desarrollo de la Ley Org\u00e1nica de Protecci\u00f3n de datos, en la que particip\u00f3 D. Jes\u00fas Rub\u00ed, Adjunto a la Agencia Espa\u00f1ola de Protecci\u00f3n de Datos. De todos los comentarios que realiz\u00f3 sobre el nuevo Reglamento y el Papel de la Agencia, me he quedado [&hellip;]<!-- AddThis Advanced Settings generic via filter on get_the_excerpt --><!-- AddThis Share Buttons generic via filter on get_the_excerpt --><\/p>\n","protected":false},"author":17,"featured_media":0,"comment_status":"open","ping_status":"closed","sticky":false,"template":"","format":"standard","meta":[],"categories":[3,4,6],"tags":[],"_links":{"self":[{"href":"https:\/\/blogs.elcomercio.es\/hispadata\/wp-json\/wp\/v2\/posts\/364"}],"collection":[{"href":"https:\/\/blogs.elcomercio.es\/hispadata\/wp-json\/wp\/v2\/posts"}],"about":[{"href":"https:\/\/blogs.elcomercio.es\/hispadata\/wp-json\/wp\/v2\/types\/post"}],"author":[{"embeddable":true,"href":"https:\/\/blogs.elcomercio.es\/hispadata\/wp-json\/wp\/v2\/users\/17"}],"replies":[{"embeddable":true,"href":"https:\/\/blogs.elcomercio.es\/hispadata\/wp-json\/wp\/v2\/comments?post=364"}],"version-history":[{"count":0,"href":"https:\/\/blogs.elcomercio.es\/hispadata\/wp-json\/wp\/v2\/posts\/364\/revisions"}],"wp:attachment":[{"href":"https:\/\/blogs.elcomercio.es\/hispadata\/wp-json\/wp\/v2\/media?parent=364"}],"wp:term":[{"taxonomy":"category","embeddable":true,"href":"https:\/\/blogs.elcomercio.es\/hispadata\/wp-json\/wp\/v2\/categories?post=364"},{"taxonomy":"post_tag","embeddable":true,"href":"https:\/\/blogs.elcomercio.es\/hispadata\/wp-json\/wp\/v2\/tags?post=364"}],"curies":[{"name":"wp","href":"https:\/\/api.w.org\/{rel}","templated":true}]}}