{"id":378,"date":"2008-04-30T08:15:00","date_gmt":"2008-04-30T06:15:00","guid":{"rendered":"http:\/\/blogs.elcomercio.es\/hispadata\/2008\/04\/30\/la-administracion-de-justicia-necesita-una-reforma-urgente\/"},"modified":"2008-04-30T08:15:00","modified_gmt":"2008-04-30T06:15:00","slug":"la-administracion-de-justicia-necesita-una-reforma-urgente","status":"publish","type":"post","link":"https:\/\/blogs.elcomercio.es\/hispadata\/2008\/04\/30\/la-administracion-de-justicia-necesita-una-reforma-urgente\/","title":{"rendered":"La Administraci\u00f3n de Justicia necesita una reforma urgente"},"content":{"rendered":"<p><a href=\"http:\/\/1.bp.blogspot.com\/_1Ce0HZD8USI\/SBghY8HD-_I\/AAAAAAAAAPM\/aIQoSTwq9mY\/s1600-h\/images%5B4%5D.jpg\" rel=\"external nofollow\"><img alt=\"\" src=\"\/\/1.bp.blogspot.com\/_1Ce0HZD8USI\/SBghY8HD-_I\/AAAAAAAAAPM\/aIQoSTwq9mY\/s400\/images%5B4%5D.jpg\" border=\"0\" \/><\/a><\/p>\n<div>Ya he escrito algunas entradas referidas a los problemas por los que atraviesa la Administraci\u00f3n de Justicia y a la necesidad de su urgente reforma.<\/p>\n<p>Ayer, en la tertulia de <span>RNE<\/span> en la que varios periodistas preguntaban al <span>Sr<\/span>. Zapatero, le he o\u00eddo decir que el sistema judicial estaba mejor porque en 2007 se hab\u00edan incorporado 1.000, s\u00ed digo 1.000 nuevos Jueces.<\/p>\n<p>No s\u00e9 de donde habr\u00e1 sacado ese dato porque si vemos los boletines oficiales donde se nombran a los candidatos que han superado la oposici\u00f3n, estos no llegan ni tan siquiera al 25%. Y si tenemos en cuenta todos los que en ese mismo periodo se han jubilado o han abandonado su plaza para irse a despachos privados, el n\u00famero de jueces mas o menos, se queda como estaba.<\/p>\n<p>Lo que resulta innegable es que hay much\u00edsimas plazas de Juez vacantes y que sus <span>sustituciones<\/span> son realizadas por Jueces Sustitutos que en la mayor parte de los casos tienen <span>cort\u00edsima<\/span> experiencia profesional. Por tanto, en esta direcci\u00f3n de los medios humanos de la Administraci\u00f3n de Justicia, mal vamos.<\/p>\n<p>Y peor vamos aun, si resultando innegable la urgente necesidad de una reforma, nuestro Presidente empieza la nueva legislatura dici\u00e9ndonos que las cosas van bien. No <span>Sr<\/span>. Presidente, las cosas van muy mal y tienden a ir peor. Una prueba de que las cosas van mal es que hace pr\u00e1cticamente un mes que se ha finalizado la huelga de funcionarios y hoy d\u00eda 30, aun no se han cerrado las negociaciones para ver qu\u00e9 medidas se aplican tendentes a sacar todo el papel acumulado.<\/p>\n<p>Por favor <span>Sr<\/span>. Presidente, salga de <span>Zapaterilandia<\/span>, e inicie de una vez por todas el proceso necesario para reformar la Administraci\u00f3n de Justicia que como todos sabemos es uno de los pilares del estado de derecho.<\/div>\n<!-- AddThis Advanced Settings generic via filter on the_content --><!-- AddThis Share Buttons generic via filter on the_content -->","protected":false},"excerpt":{"rendered":"<p>Ya he escrito algunas entradas referidas a los problemas por los que atraviesa la Administraci\u00f3n de Justicia y a la necesidad de su urgente reforma. Ayer, en la tertulia de RNE en la que varios periodistas preguntaban al Sr. Zapatero, le he o\u00eddo decir que el sistema judicial estaba mejor porque en 2007 se hab\u00edan [&hellip;]<!-- AddThis Advanced Settings generic via filter on get_the_excerpt --><!-- AddThis Share Buttons generic via filter on get_the_excerpt --><\/p>\n","protected":false},"author":17,"featured_media":0,"comment_status":"open","ping_status":"closed","sticky":false,"template":"","format":"standard","meta":[],"categories":[3,15],"tags":[],"_links":{"self":[{"href":"https:\/\/blogs.elcomercio.es\/hispadata\/wp-json\/wp\/v2\/posts\/378"}],"collection":[{"href":"https:\/\/blogs.elcomercio.es\/hispadata\/wp-json\/wp\/v2\/posts"}],"about":[{"href":"https:\/\/blogs.elcomercio.es\/hispadata\/wp-json\/wp\/v2\/types\/post"}],"author":[{"embeddable":true,"href":"https:\/\/blogs.elcomercio.es\/hispadata\/wp-json\/wp\/v2\/users\/17"}],"replies":[{"embeddable":true,"href":"https:\/\/blogs.elcomercio.es\/hispadata\/wp-json\/wp\/v2\/comments?post=378"}],"version-history":[{"count":0,"href":"https:\/\/blogs.elcomercio.es\/hispadata\/wp-json\/wp\/v2\/posts\/378\/revisions"}],"wp:attachment":[{"href":"https:\/\/blogs.elcomercio.es\/hispadata\/wp-json\/wp\/v2\/media?parent=378"}],"wp:term":[{"taxonomy":"category","embeddable":true,"href":"https:\/\/blogs.elcomercio.es\/hispadata\/wp-json\/wp\/v2\/categories?post=378"},{"taxonomy":"post_tag","embeddable":true,"href":"https:\/\/blogs.elcomercio.es\/hispadata\/wp-json\/wp\/v2\/tags?post=378"}],"curies":[{"name":"wp","href":"https:\/\/api.w.org\/{rel}","templated":true}]}}